{"id":51139,"date":"2024-08-27T03:41:17","date_gmt":"2024-08-27T03:41:17","guid":{"rendered":"http:\/\/lahora.mx\/?p=51139"},"modified":"2024-08-27T03:41:17","modified_gmt":"2024-08-27T03:41:17","slug":"plan-c-aprueban-en-comisiones-en-lo-general-la-reforma-al-poder-judicial","status":"publish","type":"post","link":"https:\/\/lahora.mx\/index.php\/2024\/08\/27\/plan-c-aprueban-en-comisiones-en-lo-general-la-reforma-al-poder-judicial\/","title":{"rendered":"Plan C: Aprueban en comisiones en lo general la reforma al Poder Judicial"},"content":{"rendered":"\n<p>La Comisi\u00f3n de Puntos Constitucionales de la C\u00e1mara de Diputados aprob\u00f3 en lo generak, de la mano de Morena y sus aliados, el proyecto de reforma que establece cambios al Poder Judicial, como lo propuso el presidente Andr\u00e9s Manuel L\u00f3pez Obrador en su Plan C.<\/p>\n\n\n\n<p>Con 22 votos a favor, y 17 en contra y en medio de aplausos y tras casi siete horas de debate, los legisladores oficiales aprobaron el proyecto que establece que los ministros, jueces y magistrados sean elegidos por voto popular a partir de junio de 2025.<\/p>\n\n\n\n<p>Luego de ser votada en la Comisi\u00f3n de Puntos Constitucionales, la reforma al Poder Judicial ser\u00e1 analizada y votada en la C\u00e1mara de Diputados en el periodo de sesiones ordinarias que inicia el 1 de septiembre de 2024.<\/p>\n\n\n\n<p>El diputado del PRI, Rub\u00e9n Moreira Valdez, hab\u00eda dicho antes de la votaci\u00f3n que la reforma es un riesgo para el Estado mexicano, es inoperante, antidemocr\u00e1tico, injusto, imprudente, lesiona el pacto federal.<\/p>\n\n\n\n<p>\u201cSi se opta por renovar en el 2025 adem\u00e1s de los cargos federales y los locales, se pondr\u00e1n frente al elector cuando menos 25 boletas, en donde encontrar\u00e1 4 mil 125 personas, entre los que tendr\u00e1 que escribir 640 nombres para igual n\u00famero de cargos\u201d, dijo el priista.<\/p>\n\n\n\n<p>Por su parte, la coordinadora del Grupo Parlamentario del PAN, Noem\u00ed Berenice Luna Ayala, solicit\u00f3 que se discuta, en el Pleno, la propuesta alternativa de reforma al Poder Judicial que propone Acci\u00f3n Nacional.<\/p>\n\n\n\n<p>Consider\u00f3 que esta iniciativa presidencial acaba con la independencia y autonom\u00eda del Poder Judicial y cuya discusi\u00f3n hoy se lleva a cabo en la Comisi\u00f3n de Puntos Constitucionales.<\/p>\n\n\n\n<p>Por la ma\u00f1ana, el presidente L\u00f3pez Obrador rechaz\u00f3 las cr\u00edticas de Estados Unidos y Canad\u00e1, sus socios en el acuerdo de libre comercio T-MEC, por la reforma al Poder Judicial.<\/p>\n","protected":false},"excerpt":{"rendered":"<p>La Comisi\u00f3n de Puntos Constitucionales de la C\u00e1mara de Diputados aprob\u00f3 en lo generak, de la mano de Morena y sus aliados, el proyecto de reforma que establece cambios al Poder Judicial, como lo propuso el presidente Andr\u00e9s Manuel L\u00f3pez Obrador en su Plan C. Con 22 votos a favor, y 17 en contra y [&hellip;]<\/p>\n","protected":false},"author":4,"featured_media":51140,"comment_status":"open","ping_status":"open","sticky":false,"template":"","format":"standard","meta":{"om_disable_all_campaigns":false,"_monsterinsights_skip_tracking":false,"_monsterinsights_sitenote_active":false,"_monsterinsights_sitenote_note":"","_monsterinsights_sitenote_category":0,"footnotes":""},"categories":[176],"tags":[],"class_list":["post-51139","post","type-post","status-publish","format-standard","has-post-thumbnail","hentry","category-nacional"],"amp_enabled":true,"_links":{"self":[{"href":"https:\/\/lahora.mx\/index.php\/wp-json\/wp\/v2\/posts\/51139","targetHints":{"allow":["GET"]}}],"collection":[{"href":"https:\/\/lahora.mx\/index.php\/wp-json\/wp\/v2\/posts"}],"about":[{"href":"https:\/\/lahora.mx\/index.php\/wp-json\/wp\/v2\/types\/post"}],"author":[{"embeddable":true,"href":"https:\/\/lahora.mx\/index.php\/wp-json\/wp\/v2\/users\/4"}],"replies":[{"embeddable":true,"href":"https:\/\/lahora.mx\/index.php\/wp-json\/wp\/v2\/comments?post=51139"}],"version-history":[{"count":1,"href":"https:\/\/lahora.mx\/index.php\/wp-json\/wp\/v2\/posts\/51139\/revisions"}],"predecessor-version":[{"id":51141,"href":"https:\/\/lahora.mx\/index.php\/wp-json\/wp\/v2\/posts\/51139\/revisions\/51141"}],"wp:featuredmedia":[{"embeddable":true,"href":"https:\/\/lahora.mx\/index.php\/wp-json\/wp\/v2\/media\/51140"}],"wp:attachment":[{"href":"https:\/\/lahora.mx\/index.php\/wp-json\/wp\/v2\/media?parent=51139"}],"wp:term":[{"taxonomy":"category","embeddable":true,"href":"https:\/\/lahora.mx\/index.php\/wp-json\/wp\/v2\/categories?post=51139"},{"taxonomy":"post_tag","embeddable":true,"href":"https:\/\/lahora.mx\/index.php\/wp-json\/wp\/v2\/tags?post=51139"}],"curies":[{"name":"wp","href":"https:\/\/api.w.org\/{rel}","templated":true}]}}