{"id":51136,"date":"2024-08-27T03:39:41","date_gmt":"2024-08-27T03:39:41","guid":{"rendered":"http:\/\/lahora.mx\/?p=51136"},"modified":"2024-08-27T03:39:41","modified_gmt":"2024-08-27T03:39:41","slug":"camara-de-comercio-de-canada-tambien-muestra-preocupacion-por-reforma-al-poder-judicial","status":"publish","type":"post","link":"https:\/\/lahora.mx\/index.php\/2024\/08\/27\/camara-de-comercio-de-canada-tambien-muestra-preocupacion-por-reforma-al-poder-judicial\/","title":{"rendered":"C\u00e1mara de Comercio de Canad\u00e1 tambi\u00e9n muestra preocupaci\u00f3n por reforma al poder judicial"},"content":{"rendered":"\n<p>La C\u00e1mara, que representa a m\u00e1s de 300 empresas canadienses y no-canadienses, de diversos sectores industriales, reiter\u00f3 su compromiso que mantiene desde 1982 que fue constituida, en la promoci\u00f3n del comercio e inversi\u00f3n entre M\u00e9xico y Canad\u00e1.<\/p>\n\n\n\n<p>\u201cCanCham reitera su m\u00e1s amplia disposici\u00f3n para establecer puentes de di\u00e1logo constructivo y propositivo con los actuales representantes y con los designados del Gobierno Federal entrante. Y est\u00e1 convencida del inmenso potencial que la sociedad de Norteam\u00e9rica le ofrece a M\u00e9xico en los m\u00e1s variados sectores para su modernizaci\u00f3n e integraci\u00f3n creciente\u201d, subray\u00f3.<\/p>\n\n\n\n<p>El pasado jueves 22 se llev\u00f3 a cabo el llamado \u201cCancham Day 2024\u201d, durante el cual el embajador del pa\u00eds de la hoja de maple, Graeme Clark, advirti\u00f3 esta misma preocupaci\u00f3n de l\u00edderes de empresas canadienses por la iniciativa que contempla la elecci\u00f3n popular de jueces, magistrados y ministros.<\/p>\n\n\n\n<p>La comunidad empresarial entre M\u00e9xico y Canad\u00e1 significa la operaci\u00f3n de m\u00e1s de 40 mil millones de d\u00f3lares canadienses.<\/p>\n","protected":false},"excerpt":{"rendered":"<p>La C\u00e1mara, que representa a m\u00e1s de 300 empresas canadienses y no-canadienses, de diversos sectores industriales, reiter\u00f3 su compromiso que mantiene desde 1982 que fue constituida, en la promoci\u00f3n del comercio e inversi\u00f3n entre M\u00e9xico y Canad\u00e1. \u201cCanCham reitera su m\u00e1s amplia disposici\u00f3n para establecer puentes de di\u00e1logo constructivo y propositivo con los actuales representantes [&hellip;]<\/p>\n","protected":false},"author":4,"featured_media":51137,"comment_status":"open","ping_status":"open","sticky":false,"template":"","format":"standard","meta":{"om_disable_all_campaigns":false,"_monsterinsights_skip_tracking":false,"_monsterinsights_sitenote_active":false,"_monsterinsights_sitenote_note":"","_monsterinsights_sitenote_category":0,"footnotes":""},"categories":[176],"tags":[],"class_list":["post-51136","post","type-post","status-publish","format-standard","has-post-thumbnail","hentry","category-nacional"],"amp_enabled":true,"_links":{"self":[{"href":"https:\/\/lahora.mx\/index.php\/wp-json\/wp\/v2\/posts\/51136","targetHints":{"allow":["GET"]}}],"collection":[{"href":"https:\/\/lahora.mx\/index.php\/wp-json\/wp\/v2\/posts"}],"about":[{"href":"https:\/\/lahora.mx\/index.php\/wp-json\/wp\/v2\/types\/post"}],"author":[{"embeddable":true,"href":"https:\/\/lahora.mx\/index.php\/wp-json\/wp\/v2\/users\/4"}],"replies":[{"embeddable":true,"href":"https:\/\/lahora.mx\/index.php\/wp-json\/wp\/v2\/comments?post=51136"}],"version-history":[{"count":1,"href":"https:\/\/lahora.mx\/index.php\/wp-json\/wp\/v2\/posts\/51136\/revisions"}],"predecessor-version":[{"id":51138,"href":"https:\/\/lahora.mx\/index.php\/wp-json\/wp\/v2\/posts\/51136\/revisions\/51138"}],"wp:featuredmedia":[{"embeddable":true,"href":"https:\/\/lahora.mx\/index.php\/wp-json\/wp\/v2\/media\/51137"}],"wp:attachment":[{"href":"https:\/\/lahora.mx\/index.php\/wp-json\/wp\/v2\/media?parent=51136"}],"wp:term":[{"taxonomy":"category","embeddable":true,"href":"https:\/\/lahora.mx\/index.php\/wp-json\/wp\/v2\/categories?post=51136"},{"taxonomy":"post_tag","embeddable":true,"href":"https:\/\/lahora.mx\/index.php\/wp-json\/wp\/v2\/tags?post=51136"}],"curies":[{"name":"wp","href":"https:\/\/api.w.org\/{rel}","templated":true}]}}