{"id":51133,"date":"2024-08-27T03:36:41","date_gmt":"2024-08-27T03:36:41","guid":{"rendered":"http:\/\/lahora.mx\/?p=51133"},"modified":"2024-08-27T03:36:59","modified_gmt":"2024-08-27T03:36:59","slug":"anuncia-armenta-a-titulares-de-funcion-publica-deporte-universidades-tecnologicas-y-mas","status":"publish","type":"post","link":"https:\/\/lahora.mx\/index.php\/2024\/08\/27\/anuncia-armenta-a-titulares-de-funcion-publica-deporte-universidades-tecnologicas-y-mas\/","title":{"rendered":"Anuncia Armenta a titulares de Funci\u00f3n P\u00fablica, Deporte, Universidades Tecnol\u00f3gicas y m\u00e1s"},"content":{"rendered":"\n<p class=\"wp-block-paragraph\">El gobernador de Puebla, Alejandro Armenta Mier, continu\u00f3 con la integraci\u00f3n de su gabinete para la pr\u00f3xima administraci\u00f3n estatal, al anunciar 11 nombramientos que asumir\u00e1n distintas secretar\u00edas. Entre las designaciones de Alejandro Espidio, pr\u00f3ximo secretario de la Funci\u00f3n P\u00fablica; as\u00ed como Gabriela \u201cBonita\u201d S\u00e1nchez, titular de la Secretar\u00eda del Deporte y la Juventud.<\/p>\n\n\n\n<p class=\"wp-block-paragraph\">En conferencia de prensa, el morenista present\u00f3 a los nuevos perfiles que se integrar\u00e1n a su gabinete que entrar\u00e1 en funciones el 14 de diciembre, quienes lo estuvieron acompa\u00f1\u00e1ndolo en campa\u00f1a en diferentes actividades.<\/p>\n\n\n\n<p class=\"wp-block-paragraph\">Previo a la presentaci\u00f3n, reiter\u00f3 su compromiso de construir un gobierno cercano a la ciudadan\u00eda, alineado con los principios de la Cuarta Transformaci\u00f3n, as\u00ed como los proyectos de la pr\u00f3xima administraci\u00f3n federal a cargo de Claudia Sheinbaum Pardo.<\/p>\n\n\n\n<p class=\"wp-block-paragraph\">Entre las designaciones resalt\u00f3 Alejandro Espidio Reyes, como titular de la Secretar\u00eda de la Funci\u00f3n P\u00fablica, quien en 2018 fungi\u00f3 como asesor parlamentario de la LXIV Legislatura de la C\u00e1mara de Senadores y actualmente se desempe\u00f1a como jefe de departamento de Archivo Hist\u00f3rico del Congreso de Puebla.<\/p>\n","protected":false},"excerpt":{"rendered":"<p>El gobernador de Puebla, Alejandro Armenta Mier, continu\u00f3 con la integraci\u00f3n de su gabinete para la pr\u00f3xima administraci\u00f3n estatal, al anunciar 11 nombramientos que asumir\u00e1n distintas secretar\u00edas. Entre las designaciones de Alejandro Espidio, pr\u00f3ximo secretario de la Funci\u00f3n P\u00fablica; as\u00ed como Gabriela \u201cBonita\u201d S\u00e1nchez, titular de la Secretar\u00eda del Deporte y la Juventud. En conferencia [&hellip;]<\/p>\n","protected":false},"author":4,"featured_media":51134,"comment_status":"open","ping_status":"open","sticky":false,"template":"","format":"standard","meta":{"om_disable_all_campaigns":false,"_monsterinsights_skip_tracking":false,"footnotes":""},"categories":[175],"tags":[239,223],"class_list":["post-51133","post","type-post","status-publish","format-standard","has-post-thumbnail","hentry","category-local","tag-gobierno","tag-puebla"],"amp_enabled":true,"_links":{"self":[{"href":"https:\/\/lahora.mx\/index.php\/wp-json\/wp\/v2\/posts\/51133","targetHints":{"allow":["GET"]}}],"collection":[{"href":"https:\/\/lahora.mx\/index.php\/wp-json\/wp\/v2\/posts"}],"about":[{"href":"https:\/\/lahora.mx\/index.php\/wp-json\/wp\/v2\/types\/post"}],"author":[{"embeddable":true,"href":"https:\/\/lahora.mx\/index.php\/wp-json\/wp\/v2\/users\/4"}],"replies":[{"embeddable":true,"href":"https:\/\/lahora.mx\/index.php\/wp-json\/wp\/v2\/comments?post=51133"}],"version-history":[{"count":1,"href":"https:\/\/lahora.mx\/index.php\/wp-json\/wp\/v2\/posts\/51133\/revisions"}],"predecessor-version":[{"id":51135,"href":"https:\/\/lahora.mx\/index.php\/wp-json\/wp\/v2\/posts\/51133\/revisions\/51135"}],"wp:featuredmedia":[{"embeddable":true,"href":"https:\/\/lahora.mx\/index.php\/wp-json\/wp\/v2\/media\/51134"}],"wp:attachment":[{"href":"https:\/\/lahora.mx\/index.php\/wp-json\/wp\/v2\/media?parent=51133"}],"wp:term":[{"taxonomy":"category","embeddable":true,"href":"https:\/\/lahora.mx\/index.php\/wp-json\/wp\/v2\/categories?post=51133"},{"taxonomy":"post_tag","embeddable":true,"href":"https:\/\/lahora.mx\/index.php\/wp-json\/wp\/v2\/tags?post=51133"}],"curies":[{"name":"wp","href":"https:\/\/api.w.org\/{rel}","templated":true}]}}