{"id":51119,"date":"2024-08-27T03:22:31","date_gmt":"2024-08-27T03:22:31","guid":{"rendered":"http:\/\/lahora.mx\/?p=51119"},"modified":"2024-08-27T03:23:28","modified_gmt":"2024-08-27T03:23:28","slug":"tlaxcala-garantiza-la-coordinacion-operativa-de-fuerzas-de-seguridad-sesnsp","status":"publish","type":"post","link":"https:\/\/lahora.mx\/index.php\/2024\/08\/27\/tlaxcala-garantiza-la-coordinacion-operativa-de-fuerzas-de-seguridad-sesnsp\/","title":{"rendered":"Tlaxcala garantiza la coordinaci\u00f3n operativa de fuerzas de seguridad: SESNSP"},"content":{"rendered":"\n<p>En Tlaxcala, las Mesas para la Construcci\u00f3n de Paz y Seguridad encabezadas por la gobernadora Lorena Cu\u00e9llar Cisneros han contribuido a que el estado haya mantenido por 24 meses la incidencia delictiva m\u00e1s baja del pa\u00eds, de acuerdo con datos constatados por el gobierno federal, a trav\u00e9s del Secretariado Ejecutivo del Sistema Nacional de Seguridad P\u00fablica (SESNSP).<\/p>\n\n\n\n<p>Bajo este esquema de coordinaci\u00f3n interinstitucional, que convoca a representantes de las fuerzas de seguridad de los tres \u00f3rdenes de gobierno, se analizan permanentemente los escenarios de seguridad en el territorio estatal, con el prop\u00f3sito fundamental de fortalecer las estrategias y reforzar las acciones en esta materia, a fin de generar condiciones de tranquilidad y paz social que fomenten el desarrollo social y econ\u00f3mico de la sociedad.<\/p>\n\n\n\n<p>Desde el inicio de la administraci\u00f3n de la gobernadora Lorena Cu\u00e9llar Cisneros, estas Mesas han contado con la presencia de autoridades de seguridad del gobierno estatal, federal y municipal, para establecer mecanismos de coordinaci\u00f3n que favorezcan, mediante la suma de esfuerzos, la prevenci\u00f3n y la atenci\u00f3n, tanto de actividades delictivas como de situaciones de emergencia. Y esta nueva pol\u00edtica le ha permitido a Tlaxcala ser uno de los estados que m\u00e1s sesiona en M\u00e9xico para coordinar la seguridad entre los diferentes \u00f3rdenes de gobierno.<br>Con la participaci\u00f3n de los representantes de la Secretar\u00eda de Gobierno (Segob), la Secretar\u00eda de Seguridad Ciudadana (SSC), el Secretariado Ejecutivo del Sistema Estatal de Seguridad P\u00fablica (SESESP), la Unidad de Inteligencia Patrimonial y Econ\u00f3mica de Tlaxcala (UIPET), la Coordinaci\u00f3n Estatal de Protecci\u00f3n Civil (CEPC), la Fiscal\u00eda General de Justicia del Estado (FGJE), la Secretar\u00eda de la Defensa Nacional (Sedena), la Secretar\u00eda de Marina (Semar), la Guardia Nacional (GN), la Fiscal\u00eda General de la Rep\u00fablica (FGR), y el Centro Nacional de Inteligencia (CNI), entre otros, la seguridad p\u00fablica se construye todos los d\u00edas para brindar a los tlaxcaltecas y sus familias entornos propicios para su bienestar.<\/p>\n\n\n\n<p>Gracias a estos espacios, se promueve la comunicaci\u00f3n constante, el intercambio de informaci\u00f3n y la coordinaci\u00f3n operativa entre las fuerzas de seguridad, adem\u00e1s de la implementaci\u00f3n de tecnolog\u00edas que faciliten la cooperaci\u00f3n institucional, y la videovigilancia, especialmente en las zonas lim\u00edtrofes con otras entidades, luego de que el gobierno de Lorena Cu\u00e9llar logr\u00f3 abatir 20 a\u00f1os de rezago en materia de infraestructura, tecnolog\u00eda y equipamiento en materia de seguridad, con una inversi\u00f3n in\u00e9dita de m\u00e1s de mil millones de pesos.<\/p>\n\n\n\n<p>Tambi\u00e9n, se han ideado y operado opciones de pol\u00edtica gubernamental con enfoque integral y transversal, y planteamientos que consideran una visi\u00f3n multidisciplinaria, multifactorial y pluricultural, a efecto de reorientar el combate a la delincuencia y reforzar el Estado de Derecho.<\/p>\n\n\n\n<p>De este modo, se ha logrado una intervenci\u00f3n interinstitucional m\u00e1s adecuada a nivel estatal, con respeto a los Derechos Humanos, para propiciar ambientes seguros en los que impere la ley y la paz, como ha sucedido en Zacatelco y Xicohtzinco, a trav\u00e9s del Mando Coordinado, una pol\u00edtica temporal de intervenci\u00f3n y coadyuvancia en el \u00e1mbito municipal, para la disminuci\u00f3n de los \u00edndices delictivos, especialmente los robos de veh\u00edculo, a negocio, y a casa-habitaci\u00f3n, y los homicidios.<\/p>\n","protected":false},"excerpt":{"rendered":"<p>En Tlaxcala, las Mesas para la Construcci\u00f3n de Paz y Seguridad encabezadas por la gobernadora Lorena Cu\u00e9llar Cisneros han contribuido a que el estado haya mantenido por 24 meses la incidencia delictiva m\u00e1s baja del pa\u00eds, de acuerdo con datos constatados por el gobierno federal, a trav\u00e9s del Secretariado Ejecutivo del Sistema Nacional de Seguridad [&hellip;]<\/p>\n","protected":false},"author":4,"featured_media":51120,"comment_status":"open","ping_status":"open","sticky":false,"template":"","format":"standard","meta":{"om_disable_all_campaigns":false,"_monsterinsights_skip_tracking":false,"_monsterinsights_sitenote_active":false,"_monsterinsights_sitenote_note":"","_monsterinsights_sitenote_category":0,"footnotes":""},"categories":[175],"tags":[223,210],"class_list":["post-51119","post","type-post","status-publish","format-standard","has-post-thumbnail","hentry","category-local","tag-puebla","tag-tlaxcala"],"amp_enabled":true,"_links":{"self":[{"href":"https:\/\/lahora.mx\/index.php\/wp-json\/wp\/v2\/posts\/51119","targetHints":{"allow":["GET"]}}],"collection":[{"href":"https:\/\/lahora.mx\/index.php\/wp-json\/wp\/v2\/posts"}],"about":[{"href":"https:\/\/lahora.mx\/index.php\/wp-json\/wp\/v2\/types\/post"}],"author":[{"embeddable":true,"href":"https:\/\/lahora.mx\/index.php\/wp-json\/wp\/v2\/users\/4"}],"replies":[{"embeddable":true,"href":"https:\/\/lahora.mx\/index.php\/wp-json\/wp\/v2\/comments?post=51119"}],"version-history":[{"count":2,"href":"https:\/\/lahora.mx\/index.php\/wp-json\/wp\/v2\/posts\/51119\/revisions"}],"predecessor-version":[{"id":51122,"href":"https:\/\/lahora.mx\/index.php\/wp-json\/wp\/v2\/posts\/51119\/revisions\/51122"}],"wp:featuredmedia":[{"embeddable":true,"href":"https:\/\/lahora.mx\/index.php\/wp-json\/wp\/v2\/media\/51120"}],"wp:attachment":[{"href":"https:\/\/lahora.mx\/index.php\/wp-json\/wp\/v2\/media?parent=51119"}],"wp:term":[{"taxonomy":"category","embeddable":true,"href":"https:\/\/lahora.mx\/index.php\/wp-json\/wp\/v2\/categories?post=51119"},{"taxonomy":"post_tag","embeddable":true,"href":"https:\/\/lahora.mx\/index.php\/wp-json\/wp\/v2\/tags?post=51119"}],"curies":[{"name":"wp","href":"https:\/\/api.w.org\/{rel}","templated":true}]}}