{"id":51116,"date":"2024-08-27T03:20:29","date_gmt":"2024-08-27T03:20:29","guid":{"rendered":"http:\/\/lahora.mx\/?p=51116"},"modified":"2024-08-27T03:20:29","modified_gmt":"2024-08-27T03:20:29","slug":"joe-biden-y-kamala-harris-presionaron-a-facebook-para-censurar-contenidos-sobre-covid-revela-mark-zuckerberg-ceo-de-meta","status":"publish","type":"post","link":"https:\/\/lahora.mx\/index.php\/2024\/08\/27\/joe-biden-y-kamala-harris-presionaron-a-facebook-para-censurar-contenidos-sobre-covid-revela-mark-zuckerberg-ceo-de-meta\/","title":{"rendered":"Joe Biden y Kamala Harris presionaron a Facebook para censurar contenidos sobre Covid, revela Mark Zuckerberg CEO De Meta"},"content":{"rendered":"\n<p>Mark Zuckerberg, CEO de Meta, revel\u00f3 en una carta dirigida al Congreso de los Estados Unidos que la administraci\u00f3n de Joe Biden y Kamala Harris presion\u00f3 a Facebook para censurar ciertos contenidos, incluidos temas relacionados con el Covid-19.<\/p>\n\n\n\n<p>En la misiva, dirigida al presidente Jim Jordan y al Comit\u00e9 Judicial de la C\u00e1mara de Representantes, escribi\u00f3 que \u00ablamenta\u00bb haber trabajado con la administraci\u00f3n Biden-Harris, que \u00abpresion\u00f3 repetidamente\u00bb a los equipos de Meta \u00abdurante meses\u00bb para censurar las publicaciones sobre Covid, incluidas la s\u00e1tira y el humor.<\/p>\n\n\n\n<p>\u00abCreo que la presi\u00f3n del gobierno fue err\u00f3nea y lamento que no hayamos sido m\u00e1s francos al respecto\u00bb, detall\u00f3.<br>sables de nuestras decisiones, incluyendo cambios relacionados con el Covid-19 que hicimos tras la presi\u00f3n\u00bb.<\/p>\n\n\n\n<p>Zuckerberg admiti\u00f3 que la plataforma lleg\u00f3 a incurrir en censura, incluyendo la famosa historia sobre la laptop de Hunter Biden, hijo del presidente, que fue reducida en visibilidad y marcada como desinformaci\u00f3n por error. \u00abDesde entonces ha quedado claro que la informaci\u00f3n no era desinformaci\u00f3n rusa y, en retrospectiva, no debimos marcarla como desinformaci\u00f3n\u00bb. Las pol\u00edticas de Meta ahora han cambiado, y ya no se desecha una informaci\u00f3n mientras se espera a la revisi\u00f3n sobre su veracidad.<\/p>\n\n\n\n<p>Tambi\u00e9n destac\u00f3 su intenci\u00f3n de mantenerse neutral en futuras elecciones, luego de que algunos sectores lo acusaran de influir en los comicios de 2020. \u00abS\u00e9 que algunas personas creen que mi trabajo benefici\u00f3 a un partido sobre otro\u00bb, indic\u00f3, sobre la Iniciativa Chan Zuckerberg para apoyar la infraestructura electoral y garantizar que la gente tuviera los recursos necesarios para poder votar. \u00abMi objetivo es mantenerme neutral y no jugar ning\u00fan rol, ni de un lado ni del otro, o siquiera aparentar estar jugando un rol. No planeo hacer contribuciones similares este ciclo\u00bb.<\/p>\n","protected":false},"excerpt":{"rendered":"<p>Mark Zuckerberg, CEO de Meta, revel\u00f3 en una carta dirigida al Congreso de los Estados Unidos que la administraci\u00f3n de Joe Biden y Kamala Harris presion\u00f3 a Facebook para censurar ciertos contenidos, incluidos temas relacionados con el Covid-19. En la misiva, dirigida al presidente Jim Jordan y al Comit\u00e9 Judicial de la C\u00e1mara de Representantes, [&hellip;]<\/p>\n","protected":false},"author":4,"featured_media":51117,"comment_status":"open","ping_status":"open","sticky":false,"template":"","format":"standard","meta":{"om_disable_all_campaigns":false,"_monsterinsights_skip_tracking":false,"_monsterinsights_sitenote_active":false,"_monsterinsights_sitenote_note":"","_monsterinsights_sitenote_category":0,"footnotes":""},"categories":[7],"tags":[],"class_list":["post-51116","post","type-post","status-publish","format-standard","has-post-thumbnail","hentry","category-geek"],"amp_enabled":true,"_links":{"self":[{"href":"https:\/\/lahora.mx\/index.php\/wp-json\/wp\/v2\/posts\/51116","targetHints":{"allow":["GET"]}}],"collection":[{"href":"https:\/\/lahora.mx\/index.php\/wp-json\/wp\/v2\/posts"}],"about":[{"href":"https:\/\/lahora.mx\/index.php\/wp-json\/wp\/v2\/types\/post"}],"author":[{"embeddable":true,"href":"https:\/\/lahora.mx\/index.php\/wp-json\/wp\/v2\/users\/4"}],"replies":[{"embeddable":true,"href":"https:\/\/lahora.mx\/index.php\/wp-json\/wp\/v2\/comments?post=51116"}],"version-history":[{"count":1,"href":"https:\/\/lahora.mx\/index.php\/wp-json\/wp\/v2\/posts\/51116\/revisions"}],"predecessor-version":[{"id":51118,"href":"https:\/\/lahora.mx\/index.php\/wp-json\/wp\/v2\/posts\/51116\/revisions\/51118"}],"wp:featuredmedia":[{"embeddable":true,"href":"https:\/\/lahora.mx\/index.php\/wp-json\/wp\/v2\/media\/51117"}],"wp:attachment":[{"href":"https:\/\/lahora.mx\/index.php\/wp-json\/wp\/v2\/media?parent=51116"}],"wp:term":[{"taxonomy":"category","embeddable":true,"href":"https:\/\/lahora.mx\/index.php\/wp-json\/wp\/v2\/categories?post=51116"},{"taxonomy":"post_tag","embeddable":true,"href":"https:\/\/lahora.mx\/index.php\/wp-json\/wp\/v2\/tags?post=51116"}],"curies":[{"name":"wp","href":"https:\/\/api.w.org\/{rel}","templated":true}]}}