{"id":51103,"date":"2024-08-26T23:38:47","date_gmt":"2024-08-26T23:38:47","guid":{"rendered":"http:\/\/lahora.mx\/?p=51103"},"modified":"2024-08-26T23:38:48","modified_gmt":"2024-08-26T23:38:48","slug":"se-acerca-una-posible-guerra-regional-en-medio-oriente-advierte-egipto","status":"publish","type":"post","link":"https:\/\/lahora.mx\/index.php\/2024\/08\/26\/se-acerca-una-posible-guerra-regional-en-medio-oriente-advierte-egipto\/","title":{"rendered":"Se acerca una posible guerra regional en Medio Oriente advierte Egipto"},"content":{"rendered":"\n<p>El presidente de Egipto, Abdel-Fattah al-Sisi, advirti\u00f3 hoy lunes que la continuaci\u00f3n de la actual escalada en Medio Oriente est\u00e1 poniendo a la regi\u00f3n en riesgo de una posible guerra regional.<\/p>\n\n\n\n<p>Al-Sisi hizo estas declaraciones durante una conversaci\u00f3n telef\u00f3nica con el presidente de Bulgaria, Rumen Radev, inform\u00f3 la presidencia egipcia en un comunicado.<\/p>\n\n\n\n<p>Durante la conversaci\u00f3n telef\u00f3nica, los dos l\u00edderes discutieron la situaci\u00f3n en Medio Oriente y la Franja de Gaza, de acuerdo con el comunicado.<\/p>\n\n\n\n<p>El mandatario hizo un recuento de los esfuerzos egipcios para alcanzar un cese al fuego en Gaza y para proporcionar asistencia humanitaria, adem\u00e1s, subray\u00f3 la necesidad de poner fin de inmediato a la tragedia que enfrenta el pueblo palestino.<\/p>\n\n\n\n<p>A\u00f1adi\u00f3 que es importante que la comunidad internacional asuma un papel decisivo en el reconocimiento internacional del Estado palestino de una manera que apoye la paz en la regi\u00f3n y la soluci\u00f3n de dos Estados.<\/p>\n\n\n\n<p>Por su parte, el presidente b\u00falgaro expres\u00f3 su aprecio por los esfuerzos egipcios para calmar la situaci\u00f3n en la regi\u00f3n y su disposici\u00f3n a continuar la coordinaci\u00f3n y las consultas con Al-Sisi, con el objetivo de contribuir a restaurar la seguridad y la paz en la regi\u00f3n. <\/p>\n","protected":false},"excerpt":{"rendered":"<p>El presidente de Egipto, Abdel-Fattah al-Sisi, advirti\u00f3 hoy lunes que la continuaci\u00f3n de la actual escalada en Medio Oriente est\u00e1 poniendo a la regi\u00f3n en riesgo de una posible guerra regional. Al-Sisi hizo estas declaraciones durante una conversaci\u00f3n telef\u00f3nica con el presidente de Bulgaria, Rumen Radev, inform\u00f3 la presidencia egipcia en un comunicado. Durante la [&hellip;]<\/p>\n","protected":false},"author":4,"featured_media":51104,"comment_status":"open","ping_status":"open","sticky":false,"template":"","format":"standard","meta":{"om_disable_all_campaigns":false,"_monsterinsights_skip_tracking":false,"_monsterinsights_sitenote_active":false,"_monsterinsights_sitenote_note":"","_monsterinsights_sitenote_category":0,"footnotes":""},"categories":[183],"tags":[],"class_list":["post-51103","post","type-post","status-publish","format-standard","has-post-thumbnail","hentry","category-internacional"],"amp_enabled":true,"_links":{"self":[{"href":"https:\/\/lahora.mx\/index.php\/wp-json\/wp\/v2\/posts\/51103","targetHints":{"allow":["GET"]}}],"collection":[{"href":"https:\/\/lahora.mx\/index.php\/wp-json\/wp\/v2\/posts"}],"about":[{"href":"https:\/\/lahora.mx\/index.php\/wp-json\/wp\/v2\/types\/post"}],"author":[{"embeddable":true,"href":"https:\/\/lahora.mx\/index.php\/wp-json\/wp\/v2\/users\/4"}],"replies":[{"embeddable":true,"href":"https:\/\/lahora.mx\/index.php\/wp-json\/wp\/v2\/comments?post=51103"}],"version-history":[{"count":1,"href":"https:\/\/lahora.mx\/index.php\/wp-json\/wp\/v2\/posts\/51103\/revisions"}],"predecessor-version":[{"id":51105,"href":"https:\/\/lahora.mx\/index.php\/wp-json\/wp\/v2\/posts\/51103\/revisions\/51105"}],"wp:featuredmedia":[{"embeddable":true,"href":"https:\/\/lahora.mx\/index.php\/wp-json\/wp\/v2\/media\/51104"}],"wp:attachment":[{"href":"https:\/\/lahora.mx\/index.php\/wp-json\/wp\/v2\/media?parent=51103"}],"wp:term":[{"taxonomy":"category","embeddable":true,"href":"https:\/\/lahora.mx\/index.php\/wp-json\/wp\/v2\/categories?post=51103"},{"taxonomy":"post_tag","embeddable":true,"href":"https:\/\/lahora.mx\/index.php\/wp-json\/wp\/v2\/tags?post=51103"}],"curies":[{"name":"wp","href":"https:\/\/api.w.org\/{rel}","templated":true}]}}