{"id":51096,"date":"2024-08-26T16:29:01","date_gmt":"2024-08-26T16:29:01","guid":{"rendered":"http:\/\/lahora.mx\/?p=51096"},"modified":"2024-08-26T16:29:01","modified_gmt":"2024-08-26T16:29:01","slug":"el-presidente-lopez-obrador-pide-a-tomas-zeron-entregarse-para-aclarar-dichos-sobre-caso-ayotzinapa","status":"publish","type":"post","link":"https:\/\/lahora.mx\/index.php\/2024\/08\/26\/el-presidente-lopez-obrador-pide-a-tomas-zeron-entregarse-para-aclarar-dichos-sobre-caso-ayotzinapa\/","title":{"rendered":"El presidente L\u00f3pez Obrador pide a Tom\u00e1s Zer\u00f3n entregarse para aclarar dichos sobre caso Ayotzinapa"},"content":{"rendered":"\n<p>Luego de que el exdirector de la Agencia de Investigaci\u00f3n Criminal, Tom\u00e1s Zer\u00f3n acus\u00f3 al expresidente Enrique Pe\u00f1a Nieto de armar la llamada \u201cVerdad Hist\u00f3rica\u201d en el caso de los 43 normalistas desaparecidos el 26 de septiembre de 2014 en Iguala, Guerrero, el presidente de M\u00e9xico, Andr\u00e9s Manuel L\u00f3pez Obrador solicit\u00f3 al exfuncionario se entregue a las autoridades y d\u00e9 su declaraci\u00f3n por escrito.<\/p>\n\n\n\n<p>Ante el cuestionamiento de los asistentes sobre el tema, el mandatario refiri\u00f3 que desconoc\u00eda la informaci\u00f3n respecto a la declaraci\u00f3n de Zer\u00f3n, sin embargo, dijo que de ser cierta, pues reiteraba la invitaci\u00f3n para que \u00e9ste regrese al pa\u00eds y de la cara sobre dichos acontecimientos.<\/p>\n\n\n\n<p>No conoc\u00eda esa informaci\u00f3n, pero ayudar\u00eda mucho que \u00e9l viniera a declarar y a asumir su responsabilidad porque tiene acusaciones de que \u00e9l fue el que llev\u00f3 a cabo actos de tortura o \u00e9l los coordin\u00f3 a los torturadores para que declararan lo que le conven\u00eda al gobierno de ese entonces. Entonces si \u00e9l recibi\u00f3 instrucciones como se indica en la declaraci\u00f3n que lo d\u00e9 por escrito y que se entregue a la autoridad\u201d, extern\u00f3.<br>En m\u00e1s sobre el tema, jefe de Estado puso en tela de juicio la se\u00f1alizaci\u00f3n que hace Tom\u00e1s Zer\u00f3n sobre el caso Ayotzinapa, pues detall\u00f3 que en su momento tanto Zer\u00f3n como el extitular de la Procuradur\u00eda General de la Rep\u00fablica (PGR) Jes\u00fas Murillo Karam se hab\u00edan declarado responsables.<\/p>\n\n\n\n<p>Se me hace del se\u00f1or Zer\u00f3n muy truculento el que ahora \u00e9l le est\u00e9 echando la culpa al presidente Pe\u00f1a. Aunque est\u00e9 el testimonio, la Fiscal\u00eda resolvi\u00f3 que tanto el procurador como \u00e9l se hicieron responsables. Si \u00e9l recibi\u00f3 instrucciones que lo sostenga. El que nada debe, nada teme\u201d, enfatiz\u00f3 el originario de Tabasco.<\/p>\n\n\n\n<p>Para cerrar, L\u00f3pez Obrador aprovech\u00f3 la tribuna en Palacio Nacional para recordar que ya van dos cartas que emite a los primeros ministros de Israel, con el fin de que Tom\u00e1s Zer\u00f3n sea repatriado a M\u00e9xico donde pesan acusaciones por tootura en la caso ya referido de los 43 normalistas de Ayotzinapa.<\/p>\n","protected":false},"excerpt":{"rendered":"<p>Luego de que el exdirector de la Agencia de Investigaci\u00f3n Criminal, Tom\u00e1s Zer\u00f3n acus\u00f3 al expresidente Enrique Pe\u00f1a Nieto de armar la llamada \u201cVerdad Hist\u00f3rica\u201d en el caso de los 43 normalistas desaparecidos el 26 de septiembre de 2014 en Iguala, Guerrero, el presidente de M\u00e9xico, Andr\u00e9s Manuel L\u00f3pez Obrador solicit\u00f3 al exfuncionario se entregue [&hellip;]<\/p>\n","protected":false},"author":4,"featured_media":51097,"comment_status":"open","ping_status":"open","sticky":false,"template":"","format":"standard","meta":{"om_disable_all_campaigns":false,"_monsterinsights_skip_tracking":false,"_monsterinsights_sitenote_active":false,"_monsterinsights_sitenote_note":"","_monsterinsights_sitenote_category":0,"footnotes":""},"categories":[176],"tags":[],"class_list":["post-51096","post","type-post","status-publish","format-standard","has-post-thumbnail","hentry","category-nacional"],"amp_enabled":true,"_links":{"self":[{"href":"https:\/\/lahora.mx\/index.php\/wp-json\/wp\/v2\/posts\/51096","targetHints":{"allow":["GET"]}}],"collection":[{"href":"https:\/\/lahora.mx\/index.php\/wp-json\/wp\/v2\/posts"}],"about":[{"href":"https:\/\/lahora.mx\/index.php\/wp-json\/wp\/v2\/types\/post"}],"author":[{"embeddable":true,"href":"https:\/\/lahora.mx\/index.php\/wp-json\/wp\/v2\/users\/4"}],"replies":[{"embeddable":true,"href":"https:\/\/lahora.mx\/index.php\/wp-json\/wp\/v2\/comments?post=51096"}],"version-history":[{"count":1,"href":"https:\/\/lahora.mx\/index.php\/wp-json\/wp\/v2\/posts\/51096\/revisions"}],"predecessor-version":[{"id":51098,"href":"https:\/\/lahora.mx\/index.php\/wp-json\/wp\/v2\/posts\/51096\/revisions\/51098"}],"wp:featuredmedia":[{"embeddable":true,"href":"https:\/\/lahora.mx\/index.php\/wp-json\/wp\/v2\/media\/51097"}],"wp:attachment":[{"href":"https:\/\/lahora.mx\/index.php\/wp-json\/wp\/v2\/media?parent=51096"}],"wp:term":[{"taxonomy":"category","embeddable":true,"href":"https:\/\/lahora.mx\/index.php\/wp-json\/wp\/v2\/categories?post=51096"},{"taxonomy":"post_tag","embeddable":true,"href":"https:\/\/lahora.mx\/index.php\/wp-json\/wp\/v2\/tags?post=51096"}],"curies":[{"name":"wp","href":"https:\/\/api.w.org\/{rel}","templated":true}]}}