{"id":51079,"date":"2024-08-26T16:15:45","date_gmt":"2024-08-26T16:15:45","guid":{"rendered":"http:\/\/lahora.mx\/?p=51079"},"modified":"2024-08-26T16:15:46","modified_gmt":"2024-08-26T16:15:46","slug":"analizan-abrir-mas-calles-del-ch-tras-la-apertura-de-la-4-poniente-oriente","status":"publish","type":"post","link":"https:\/\/lahora.mx\/index.php\/2024\/08\/26\/analizan-abrir-mas-calles-del-ch-tras-la-apertura-de-la-4-poniente-oriente\/","title":{"rendered":"Analizan abrir m\u00e1s calles del CH tras la apertura de la 4 Poniente-Oriente"},"content":{"rendered":"\n<p>Con la apertura de la calle 4 Poniente-Oriente este fin de semana, el alcalde de Puebla, Ad\u00e1n Dom\u00ednguez, inform\u00f3 que se analiza abrir parcialmente m\u00e1s calles del Centro Hist\u00f3rico cerradas por los operativos contra los ambulantes, aunque estos continuar\u00e1n hasta el cierre de su administraci\u00f3n.<\/p>\n\n\n\n<p>En entrevista, el edil explic\u00f3 que hoy las autoridades de la Secretar\u00eda de Gobernaci\u00f3n y Econom\u00eda y Turismo se reunir\u00e1n con la C\u00e1mara Nacional de Comercio (Canaco) Puebla para analizar los resultados que dej\u00f3 la apertura de la calle este s\u00e1bado y domingo.<\/p>\n\n\n\n<p>A\u00f1adi\u00f3 que este fue uno de los primeros acuerdos a los que se ha llegado entre la agrupaci\u00f3n empresarial y las autoridades municipales, por lo que el alcalde capitalino prev\u00e9 que se puedan acordar m\u00e1s pactos.<\/p>\n\n\n\n<p>\u201cEse trabajo coordinado con la C\u00e1mara va a seguir. Hoy va a haber una reuni\u00f3n en donde se analizar\u00e1 c\u00f3mo se llev\u00f3 a cabo el operativo el fin de semana y se tomar\u00e1n decisiones respecto de c\u00f3mo seguir los operativos de esta semana\u00bb, asegur\u00f3.<\/p>\n\n\n\n<p>Dom\u00ednguez S\u00e1nchez: contin\u00faan reuniones con ambulantes<br>Respecto a los ambulantes, Dom\u00ednguez S\u00e1nchez no dio ning\u00fan avance al respecto y se limit\u00f3 a decir que siguen realiz\u00e1ndose las reuniones.<\/p>\n\n\n\n<p>Aunque reiter\u00f3 que el operativo contra los comerciantes informales seguir\u00e1 firme hasta que concluya su administraci\u00f3n, esto es, hasta el 14 de octubre del presente a\u00f1o.<\/p>\n\n\n\n<p>\u201cLa Secretar\u00eda de Gobernaci\u00f3n (Municipal) sigue trabajando con los ambulantes para lo que te tiene que ver con el ordenamiento del Centro Hist\u00f3rico, que como lo he dicho, ser\u00e1 hasta el \u00faltimo d\u00eda de este gobierno municipal\u00bb, reiter\u00f3.<\/p>\n","protected":false},"excerpt":{"rendered":"<p>Con la apertura de la calle 4 Poniente-Oriente este fin de semana, el alcalde de Puebla, Ad\u00e1n Dom\u00ednguez, inform\u00f3 que se analiza abrir parcialmente m\u00e1s calles del Centro Hist\u00f3rico cerradas por los operativos contra los ambulantes, aunque estos continuar\u00e1n hasta el cierre de su administraci\u00f3n. En entrevista, el edil explic\u00f3 que hoy las autoridades de [&hellip;]<\/p>\n","protected":false},"author":4,"featured_media":51080,"comment_status":"open","ping_status":"open","sticky":false,"template":"","format":"standard","meta":{"om_disable_all_campaigns":false,"_monsterinsights_skip_tracking":false,"_monsterinsights_sitenote_active":false,"_monsterinsights_sitenote_note":"","_monsterinsights_sitenote_category":0,"footnotes":""},"categories":[175],"tags":[223],"class_list":["post-51079","post","type-post","status-publish","format-standard","has-post-thumbnail","hentry","category-local","tag-puebla"],"amp_enabled":true,"_links":{"self":[{"href":"https:\/\/lahora.mx\/index.php\/wp-json\/wp\/v2\/posts\/51079","targetHints":{"allow":["GET"]}}],"collection":[{"href":"https:\/\/lahora.mx\/index.php\/wp-json\/wp\/v2\/posts"}],"about":[{"href":"https:\/\/lahora.mx\/index.php\/wp-json\/wp\/v2\/types\/post"}],"author":[{"embeddable":true,"href":"https:\/\/lahora.mx\/index.php\/wp-json\/wp\/v2\/users\/4"}],"replies":[{"embeddable":true,"href":"https:\/\/lahora.mx\/index.php\/wp-json\/wp\/v2\/comments?post=51079"}],"version-history":[{"count":1,"href":"https:\/\/lahora.mx\/index.php\/wp-json\/wp\/v2\/posts\/51079\/revisions"}],"predecessor-version":[{"id":51081,"href":"https:\/\/lahora.mx\/index.php\/wp-json\/wp\/v2\/posts\/51079\/revisions\/51081"}],"wp:featuredmedia":[{"embeddable":true,"href":"https:\/\/lahora.mx\/index.php\/wp-json\/wp\/v2\/media\/51080"}],"wp:attachment":[{"href":"https:\/\/lahora.mx\/index.php\/wp-json\/wp\/v2\/media?parent=51079"}],"wp:term":[{"taxonomy":"category","embeddable":true,"href":"https:\/\/lahora.mx\/index.php\/wp-json\/wp\/v2\/categories?post=51079"},{"taxonomy":"post_tag","embeddable":true,"href":"https:\/\/lahora.mx\/index.php\/wp-json\/wp\/v2\/tags?post=51079"}],"curies":[{"name":"wp","href":"https:\/\/api.w.org\/{rel}","templated":true}]}}