{"id":51076,"date":"2024-08-26T16:12:44","date_gmt":"2024-08-26T16:12:44","guid":{"rendered":"http:\/\/lahora.mx\/?p=51076"},"modified":"2024-08-26T16:12:47","modified_gmt":"2024-08-26T16:12:47","slug":"ayuntamiento-de-puebla-pone-en-marcha-operativo-regreso-a-clases","status":"publish","type":"post","link":"https:\/\/lahora.mx\/index.php\/2024\/08\/26\/ayuntamiento-de-puebla-pone-en-marcha-operativo-regreso-a-clases\/","title":{"rendered":"Ayuntamiento de Puebla pone en marcha Operativo Regreso a Clases"},"content":{"rendered":"\n<p>Como una acci\u00f3n para garantizar la seguridad de estudiantes, docentes, padres y madres de familia de la capital poblana, Ad\u00e1n Dom\u00ednguez S\u00e1nchez, presidente municipal, anunci\u00f3 el arranque del Operativo Regreso a Clases en las zonas escolares y avenidas principales de la angel\u00f3polis.<\/p>\n\n\n\n<p>Este despliegue cont\u00f3 con la participaci\u00f3n de 622 elementos y 307 unidades de la Secretar\u00eda de Seguridad Ciudadana, cuidando \u201cque el regreso a clases sea ordenado y seguro\u201d, a\u00f1adi\u00f3 Dom\u00ednguez S\u00e1nchez durante el inicio de este operativo.<\/p>\n\n\n\n<p>Ayuntamiento de Puebla pone en marcha Operativo Regreso a Clases<br>Asimismo, el edil capitalino inst\u00f3 a la ciudadan\u00eda a conducir con precauci\u00f3n, a respetar las se\u00f1ales de tr\u00e1nsito y los l\u00edmites de velocidad en zona 30, as\u00ed como a -en caso de alguna emergencia- reportarlo al 911, a los n\u00fameros de WhatsApp 22 21 92 62 39 y 22 16 44 53 34 o a trav\u00e9s de la aplicaci\u00f3n \u201cAlerta Contigo\u201d.<\/p>\n\n\n\n<p>Acompa\u00f1aron al inicio de este operativo: Consuelo Cruz, secretaria de Seguridad Ciudadana; Rayo Ram\u00edrez, directora de Control de Tr\u00e1nsito; Josu\u00e9 Cabrera, director del Centro Cultural Jalil Gibr\u00e1n; Antonio Rodr\u00edguez, representante de Padres de Familia.<\/p>\n\n\n\n<p>Ayuntamiento de Puebla pone en marcha Operativo Regreso a Clases<br>Tambi\u00e9n Ang\u00e9lica Rodr\u00edguez, directora de Prevenci\u00f3n Social del Delito; Alejandro Romero, director de Desarrollo Institucional; Alfredo Hern\u00e1ndez, director de la Polic\u00eda Preventiva y X\u00f3chitl Ram\u00edrez, jefa de Zona.<\/p>\n","protected":false},"excerpt":{"rendered":"<p>Como una acci\u00f3n para garantizar la seguridad de estudiantes, docentes, padres y madres de familia de la capital poblana, Ad\u00e1n Dom\u00ednguez S\u00e1nchez, presidente municipal, anunci\u00f3 el arranque del Operativo Regreso a Clases en las zonas escolares y avenidas principales de la angel\u00f3polis. Este despliegue cont\u00f3 con la participaci\u00f3n de 622 elementos y 307 unidades de [&hellip;]<\/p>\n","protected":false},"author":4,"featured_media":51077,"comment_status":"open","ping_status":"open","sticky":false,"template":"","format":"standard","meta":{"om_disable_all_campaigns":false,"_monsterinsights_skip_tracking":false,"_monsterinsights_sitenote_active":false,"_monsterinsights_sitenote_note":"","_monsterinsights_sitenote_category":0,"footnotes":""},"categories":[175],"tags":[195,223],"class_list":["post-51076","post","type-post","status-publish","format-standard","has-post-thumbnail","hentry","category-local","tag-principal","tag-puebla"],"amp_enabled":true,"_links":{"self":[{"href":"https:\/\/lahora.mx\/index.php\/wp-json\/wp\/v2\/posts\/51076","targetHints":{"allow":["GET"]}}],"collection":[{"href":"https:\/\/lahora.mx\/index.php\/wp-json\/wp\/v2\/posts"}],"about":[{"href":"https:\/\/lahora.mx\/index.php\/wp-json\/wp\/v2\/types\/post"}],"author":[{"embeddable":true,"href":"https:\/\/lahora.mx\/index.php\/wp-json\/wp\/v2\/users\/4"}],"replies":[{"embeddable":true,"href":"https:\/\/lahora.mx\/index.php\/wp-json\/wp\/v2\/comments?post=51076"}],"version-history":[{"count":1,"href":"https:\/\/lahora.mx\/index.php\/wp-json\/wp\/v2\/posts\/51076\/revisions"}],"predecessor-version":[{"id":51078,"href":"https:\/\/lahora.mx\/index.php\/wp-json\/wp\/v2\/posts\/51076\/revisions\/51078"}],"wp:featuredmedia":[{"embeddable":true,"href":"https:\/\/lahora.mx\/index.php\/wp-json\/wp\/v2\/media\/51077"}],"wp:attachment":[{"href":"https:\/\/lahora.mx\/index.php\/wp-json\/wp\/v2\/media?parent=51076"}],"wp:term":[{"taxonomy":"category","embeddable":true,"href":"https:\/\/lahora.mx\/index.php\/wp-json\/wp\/v2\/categories?post=51076"},{"taxonomy":"post_tag","embeddable":true,"href":"https:\/\/lahora.mx\/index.php\/wp-json\/wp\/v2\/tags?post=51076"}],"curies":[{"name":"wp","href":"https:\/\/api.w.org\/{rel}","templated":true}]}}