{"id":51058,"date":"2024-08-26T02:25:22","date_gmt":"2024-08-26T02:25:22","guid":{"rendered":"http:\/\/lahora.mx\/?p=51058"},"modified":"2024-08-26T02:25:23","modified_gmt":"2024-08-26T02:25:23","slug":"a-nueve-anos-de-su-desaparicion-la-familia-de-paulina-camargo-se-manifiesta","status":"publish","type":"post","link":"https:\/\/lahora.mx\/index.php\/2024\/08\/26\/a-nueve-anos-de-su-desaparicion-la-familia-de-paulina-camargo-se-manifiesta\/","title":{"rendered":"A nueve a\u00f1os de su desaparici\u00f3n, la familia de Paulina Camargo se manifiesta"},"content":{"rendered":"\n<p>A nueve a\u00f1os de la desaparici\u00f3n de Paulina Camargo, su madre, Roc\u00edo Lim\u00f3n, y familiares de otras personas no localizadas se plantaron en el Z\u00f3calo de la capital para colocar siluetas de ni\u00f1as que representan a v\u00edctimas de feminicidio y desaparecidos.<\/p>\n\n\n\n<p>Desde temprano, decenas de personas acudieron al Z\u00f3calo de la ciudad para personalizar distintas siluetas de ni\u00f1as en representaci\u00f3n de todas aquellas personas que se encuentran desaparecidas y, tambi\u00e9n, de v\u00edctimas de feminicidio de distintos estados de la Rep\u00fablica.<\/p>\n\n\n\n<p>En d\u00edas pasados, Roc\u00edo Lim\u00f3n, madre de Paulina Camargo, convoc\u00f3 a una manifestaci\u00f3n pac\u00edfica para este domingo 25 de agosto concentr\u00e1ndose en el Z\u00f3calo de Puebla, d\u00eda en que se cumple el noveno aniversario de no ver a su hija ni tener informaci\u00f3n acerca de su paradero.<\/p>\n\n\n\n<p>Varias madres buscadoras se dieron cita en la protesta y, bajo distintas consignas, personalizaron cada una de las 32 siluetas, a las que les colocaron un s\u00edmbolo que caracteriza a sus seres queridos que no est\u00e1n con ellas.<\/p>\n","protected":false},"excerpt":{"rendered":"<p>A nueve a\u00f1os de la desaparici\u00f3n de Paulina Camargo, su madre, Roc\u00edo Lim\u00f3n, y familiares de otras personas no localizadas se plantaron en el Z\u00f3calo de la capital para colocar siluetas de ni\u00f1as que representan a v\u00edctimas de feminicidio y desaparecidos. Desde temprano, decenas de personas acudieron al Z\u00f3calo de la ciudad para personalizar distintas [&hellip;]<\/p>\n","protected":false},"author":4,"featured_media":51059,"comment_status":"open","ping_status":"open","sticky":false,"template":"","format":"standard","meta":{"om_disable_all_campaigns":false,"_monsterinsights_skip_tracking":false,"_monsterinsights_sitenote_active":false,"_monsterinsights_sitenote_note":"","_monsterinsights_sitenote_category":0,"footnotes":""},"categories":[175],"tags":[223],"class_list":["post-51058","post","type-post","status-publish","format-standard","has-post-thumbnail","hentry","category-local","tag-puebla"],"amp_enabled":true,"_links":{"self":[{"href":"https:\/\/lahora.mx\/index.php\/wp-json\/wp\/v2\/posts\/51058","targetHints":{"allow":["GET"]}}],"collection":[{"href":"https:\/\/lahora.mx\/index.php\/wp-json\/wp\/v2\/posts"}],"about":[{"href":"https:\/\/lahora.mx\/index.php\/wp-json\/wp\/v2\/types\/post"}],"author":[{"embeddable":true,"href":"https:\/\/lahora.mx\/index.php\/wp-json\/wp\/v2\/users\/4"}],"replies":[{"embeddable":true,"href":"https:\/\/lahora.mx\/index.php\/wp-json\/wp\/v2\/comments?post=51058"}],"version-history":[{"count":1,"href":"https:\/\/lahora.mx\/index.php\/wp-json\/wp\/v2\/posts\/51058\/revisions"}],"predecessor-version":[{"id":51060,"href":"https:\/\/lahora.mx\/index.php\/wp-json\/wp\/v2\/posts\/51058\/revisions\/51060"}],"wp:featuredmedia":[{"embeddable":true,"href":"https:\/\/lahora.mx\/index.php\/wp-json\/wp\/v2\/media\/51059"}],"wp:attachment":[{"href":"https:\/\/lahora.mx\/index.php\/wp-json\/wp\/v2\/media?parent=51058"}],"wp:term":[{"taxonomy":"category","embeddable":true,"href":"https:\/\/lahora.mx\/index.php\/wp-json\/wp\/v2\/categories?post=51058"},{"taxonomy":"post_tag","embeddable":true,"href":"https:\/\/lahora.mx\/index.php\/wp-json\/wp\/v2\/tags?post=51058"}],"curies":[{"name":"wp","href":"https:\/\/api.w.org\/{rel}","templated":true}]}}