{"id":51049,"date":"2024-08-26T00:55:49","date_gmt":"2024-08-26T00:55:49","guid":{"rendered":"http:\/\/lahora.mx\/?p=51049"},"modified":"2024-08-26T00:55:50","modified_gmt":"2024-08-26T00:55:50","slug":"lamenta-arzobispo-asesinato-de-sacerdote-y-pide-una-sociedad-mas-segura","status":"publish","type":"post","link":"https:\/\/lahora.mx\/index.php\/2024\/08\/26\/lamenta-arzobispo-asesinato-de-sacerdote-y-pide-una-sociedad-mas-segura\/","title":{"rendered":"Lamenta arzobispo asesinato de sacerdote y pide una sociedad m\u00e1s segura"},"content":{"rendered":"\n<p>El arzobispo de Puebla, V\u00edctor S\u00e1nchez Espinosa, pidi\u00f3 por lograr sociedades m\u00e1s seguras en el pa\u00eds, luego del asesinato del sacerdote Isa\u00edas Ram\u00edrez Gonz\u00e1lez en el estado de Jalisco.<\/p>\n\n\n\n<p>Durante la homil\u00eda celebrada este domingo en la Catedral de Puebla, el arzobispo ofreci\u00f3 una oraci\u00f3n especial por el eterno descanso de algunos miembros de la comunidad cat\u00f3lica.<\/p>\n\n\n\n<p>Entre los personajes enlistados por V\u00edctor S\u00e1nchez Espinosa destac\u00f3 Efr\u00e9n Ramos, a quien tambi\u00e9n felicit\u00f3 por haber cumplido esta semana 60 a\u00f1os de servicio como sacerdote.<\/p>\n\n\n\n<p>S\u00e1nchez Espinosa tambi\u00e9n nombr\u00f3 a Isa\u00edas Ram\u00edrez Gonz\u00e1lez, sacerdote cuyo cuerpo sin vida fue encontrado la semana pasada en una barranca de la autopista Guadalajara-Zapotlanejo, en Jalisco.<\/p>\n\n\n\n<p>Por ello, ofreci\u00f3 una oraci\u00f3n especial por el eterno descanso de su compa\u00f1ero y pidi\u00f3 sociedades m\u00e1s justas y seguras en todo el pa\u00eds, en especial Puebla.<\/p>\n\n\n\n<p>Asimismo, lament\u00f3 el deceso del fotoperiodista poblano Josu\u00e9 Miguel Guzm\u00e1n Tovar, fallecido el 20 de agosto a causa de un infarto y a quien sum\u00f3 a sus oraciones.<\/p>\n\n\n\n<p>\u00abRecuerda se\u00f1or a nuestros hermanos difuntos, te pedimos por tus hijos Josu\u00e9 Miguel Guzm\u00e1n Tovar, Isa\u00edas Ram\u00edrez Gonz\u00e1lez y por Efr\u00e9n Ramos, a sus 60 a\u00f1os de ser sacerdote\u00bb, coment\u00f3.<\/p>\n","protected":false},"excerpt":{"rendered":"<p>El arzobispo de Puebla, V\u00edctor S\u00e1nchez Espinosa, pidi\u00f3 por lograr sociedades m\u00e1s seguras en el pa\u00eds, luego del asesinato del sacerdote Isa\u00edas Ram\u00edrez Gonz\u00e1lez en el estado de Jalisco. Durante la homil\u00eda celebrada este domingo en la Catedral de Puebla, el arzobispo ofreci\u00f3 una oraci\u00f3n especial por el eterno descanso de algunos miembros de la [&hellip;]<\/p>\n","protected":false},"author":4,"featured_media":51050,"comment_status":"open","ping_status":"open","sticky":false,"template":"","format":"standard","meta":{"om_disable_all_campaigns":false,"_monsterinsights_skip_tracking":false,"_monsterinsights_sitenote_active":false,"_monsterinsights_sitenote_note":"","_monsterinsights_sitenote_category":0,"footnotes":""},"categories":[175],"tags":[223],"class_list":["post-51049","post","type-post","status-publish","format-standard","has-post-thumbnail","hentry","category-local","tag-puebla"],"amp_enabled":true,"_links":{"self":[{"href":"https:\/\/lahora.mx\/index.php\/wp-json\/wp\/v2\/posts\/51049","targetHints":{"allow":["GET"]}}],"collection":[{"href":"https:\/\/lahora.mx\/index.php\/wp-json\/wp\/v2\/posts"}],"about":[{"href":"https:\/\/lahora.mx\/index.php\/wp-json\/wp\/v2\/types\/post"}],"author":[{"embeddable":true,"href":"https:\/\/lahora.mx\/index.php\/wp-json\/wp\/v2\/users\/4"}],"replies":[{"embeddable":true,"href":"https:\/\/lahora.mx\/index.php\/wp-json\/wp\/v2\/comments?post=51049"}],"version-history":[{"count":1,"href":"https:\/\/lahora.mx\/index.php\/wp-json\/wp\/v2\/posts\/51049\/revisions"}],"predecessor-version":[{"id":51051,"href":"https:\/\/lahora.mx\/index.php\/wp-json\/wp\/v2\/posts\/51049\/revisions\/51051"}],"wp:featuredmedia":[{"embeddable":true,"href":"https:\/\/lahora.mx\/index.php\/wp-json\/wp\/v2\/media\/51050"}],"wp:attachment":[{"href":"https:\/\/lahora.mx\/index.php\/wp-json\/wp\/v2\/media?parent=51049"}],"wp:term":[{"taxonomy":"category","embeddable":true,"href":"https:\/\/lahora.mx\/index.php\/wp-json\/wp\/v2\/categories?post=51049"},{"taxonomy":"post_tag","embeddable":true,"href":"https:\/\/lahora.mx\/index.php\/wp-json\/wp\/v2\/tags?post=51049"}],"curies":[{"name":"wp","href":"https:\/\/api.w.org\/{rel}","templated":true}]}}