{"id":51037,"date":"2024-08-26T00:36:46","date_gmt":"2024-08-26T00:36:46","guid":{"rendered":"http:\/\/lahora.mx\/?p=51037"},"modified":"2024-08-26T00:36:46","modified_gmt":"2024-08-26T00:36:46","slug":"fge-entrega-3er-citatorio-a-activista-que-lucha-contra-granjas-carroll","status":"publish","type":"post","link":"https:\/\/lahora.mx\/index.php\/2024\/08\/26\/fge-entrega-3er-citatorio-a-activista-que-lucha-contra-granjas-carroll\/","title":{"rendered":"FGE entrega 3er citatorio a activista que lucha contra Granjas Carroll"},"content":{"rendered":"\n<p>La Fiscal\u00eda General del Estado (FGE) entreg\u00f3 el tercer citatorio judicial a campesinos integrantes del Movimiento en Defensa del Agua de la Cuenca Libres\u2014Oriental, quienes desde hace meses protestan por el da\u00f1o medioambiental que aseguran causa en la regi\u00f3n la empresa transnacional Granjas Carroll.<\/p>\n\n\n\n<p>\u201cNada hay que conciliar, el movimiento es ya imparable\u201d, respondi\u00f3 al documento Renato Romero, uno de los l\u00edderes visibles de la resistencia. La orden judicial no lleg\u00f3 s\u00f3lo a Romero, similares se han enviado a varios de los campesinos que se han manifestado contra la cerdera.<\/p>\n\n\n\n<p>FGE entrega 3er citatorio a activista que lucha contra Granjas Carroll<br>Asegur\u00f3 que el citatorio que expidi\u00f3 Areli Romero, facilitadora en mecanismos alternativos de soluci\u00f3n de controversias, sobre una sesi\u00f3n de mediaci\u00f3n para conciliar un acuerdo reparatorio que evite un proceso jurisdiccional es una maniobra de la empresa para frenar las protestas que exigen su salida por sobreexplotar y contaminar el medio ambiente.<br>Adelant\u00f3 que \u00e9l no asistir\u00e1 a la reuni\u00f3n, agendada el martes 27 de agosto, que solicit\u00f3 Bernardino Mart\u00ednez Mart\u00ednez, representante legal de Granjas Carroll. En su lugar ofrecer\u00e1 una rueda de prensa en que participar\u00e1n una decena de organizaciones sociales.<\/p>\n\n\n\n<p>FGE entrega 3er citatorio a activista que lucha contra Granjas Carroll<br>En dicha conferencia expondr\u00e1n las afectaciones ambientales que sufre la regi\u00f3n de la Cuenca Libres\u2014Oriental y lo in\u00fatil que ser\u00eda prometer que cesar\u00e1n las manifestaciones de defensa del medioambiente.<\/p>\n\n\n\n<p>\u201cEsto ya es imparable. C\u00f3mo acordar que vamos a dejar de defender el agua. C\u00f3mo prometer que no denunciaremos que est\u00e1n sobreexplotando el agua, contaminando el aire, la tierra. C\u00f3mo vamos a dejar de gritar que campesinos estamos muriendo por la sequ\u00eda que tenemos, que nuestros animales mueren todos los d\u00edas porque no podemos darles agua. C\u00f3mo dejar de denunciar que la Comisi\u00f3n Nacional del Agua [Conagua] a campesinos no da permiso para tener una gota de agua\u201d senntenci\u00f3.<br>FGE entrega 3er citatorio a activista que lucha contra Granjas Carroll<br>Granjas Carroll est\u00e1 empe\u00f1ada en meterme a la c\u00e1rcel: activista<br>En redes sociales el activista y defensor medioambiental public\u00f3 una fotograf\u00eda del auto judicial junto con un mensaje contra la transnacional: \u201cParece que Granjas Carroll est\u00e1 empe\u00f1ada en meterme a la c\u00e1rcel\u201d.<\/p>\n\n\n\n<p>\u201cEn esta camionetota nueva llegaron los dos funcionarios de la fiscal\u00eda, bien pagados, bien comidos. Burocracia corrupta para perseguirnos. Ah\u00ed s\u00ed dedican tiempo y recursos (\u2026) no fuera para hacer justicia a denuncias del pueblo\u201d, sostuvo.<\/p>\n\n\n\n<p>\u201cGobiernos lacayos de las empresas capitalistas. En lugar de que el gobierno investigue a la empresa por estar involucrada en cr\u00edmenes contra los pueblos como el de Totalco, investigan y persiguen a quienes s\u00f3lo defendemos el agua\u201d, acus\u00f3 Romero.<\/p>\n\n\n\n<p>La conferencia que dar\u00e1n los campesinos sobre su posicionamiento contra el matadero de cerdos ser\u00e1 a las 10:00 horas del lunes 26 de agosto, en el Z\u00f3calo de la ciudad de Puebla.<\/p>\n\n\n\n<p>\u201cVarias organizaciones estamos convocando a conferencia de prensa para denunciar la criminalizaci\u00f3n de las luchas sociales y la persecuci\u00f3n en contra de activistas defensores del agua (\u2026) los esperamos\u201d, invit\u00f3 el l\u00edder campesino.<\/p>\n\n\n\n<p>Manifestaciones contra Granjas Carroll, en defensa del agua<br>Desde mediados de mayo de 2024, campesinos de los municipios de la Cuenca Libres\u2014Oriental iniciaron sus jornadas de movilizaci\u00f3n en que acusaron a la transnacional de convertir a la regi\u00f3n en un campo de explotaci\u00f3n y desolaci\u00f3n.<\/p>\n\n\n\n<p>Las protestas crecieron y agricultores de Veracruz se unieron a las protestas y se volvieron integrantes del Movimiento en Defensa del Agua de la Cuenca Libres\u2014Oriental. Instalaron plantones frente a Granjas Carroll \u2014el rastro m\u00e1s grande de Am\u00e9rica Latina\u2014 en el que exig\u00edan su retiro de la zona.<\/p>\n\n\n\n<p>Las protestas registraron el 20 de junio una represi\u00f3n en Totalco, localidad de Perote. Ah\u00ed los hermanos Alberto y Jorge Cortina fueron asesinados a balazos por elementos de la ahora extinta Fuerza Civil de Veracruz.<\/p>\n\n\n\n<p>El gobierno de Veracruz detuvo a dos elementos de la corporaci\u00f3n acusados de abuso de autoridad. No ha difundido qui\u00e9n dio la orden del operativo y disolver a balazos el plant\u00f3n permanente, instalado en la planta ubicada en la carretera Perote\u2014Acatzingo, desde donde se distribuye la comida de los cerdos que Carroll produce en decenas de criaderos que tiene instalados entre los municipios de Puebla y Veracruz.<\/p>\n\n\n\n<p>Integrantes del Movimiento en Defensa del Agua de Libres\u2014Oriental consideran que los hechos del 20 de junio fueron una represi\u00f3n ordenada y orquestada para desactivar un levantamiento campesino en defensa del agua de la regi\u00f3n que iba en crecimiento y afectaba los intereses de empresas extranjeras.<\/p>\n","protected":false},"excerpt":{"rendered":"<p>La Fiscal\u00eda General del Estado (FGE) entreg\u00f3 el tercer citatorio judicial a campesinos integrantes del Movimiento en Defensa del Agua de la Cuenca Libres\u2014Oriental, quienes desde hace meses protestan por el da\u00f1o medioambiental que aseguran causa en la regi\u00f3n la empresa transnacional Granjas Carroll. \u201cNada hay que conciliar, el movimiento es ya imparable\u201d, respondi\u00f3 al [&hellip;]<\/p>\n","protected":false},"author":4,"featured_media":51038,"comment_status":"open","ping_status":"open","sticky":false,"template":"","format":"standard","meta":{"om_disable_all_campaigns":false,"_monsterinsights_skip_tracking":false,"_monsterinsights_sitenote_active":false,"_monsterinsights_sitenote_note":"","_monsterinsights_sitenote_category":0,"footnotes":""},"categories":[175,226],"tags":[223],"class_list":["post-51037","post","type-post","status-publish","format-standard","has-post-thumbnail","hentry","category-local","category-policia","tag-puebla"],"amp_enabled":true,"_links":{"self":[{"href":"https:\/\/lahora.mx\/index.php\/wp-json\/wp\/v2\/posts\/51037","targetHints":{"allow":["GET"]}}],"collection":[{"href":"https:\/\/lahora.mx\/index.php\/wp-json\/wp\/v2\/posts"}],"about":[{"href":"https:\/\/lahora.mx\/index.php\/wp-json\/wp\/v2\/types\/post"}],"author":[{"embeddable":true,"href":"https:\/\/lahora.mx\/index.php\/wp-json\/wp\/v2\/users\/4"}],"replies":[{"embeddable":true,"href":"https:\/\/lahora.mx\/index.php\/wp-json\/wp\/v2\/comments?post=51037"}],"version-history":[{"count":1,"href":"https:\/\/lahora.mx\/index.php\/wp-json\/wp\/v2\/posts\/51037\/revisions"}],"predecessor-version":[{"id":51039,"href":"https:\/\/lahora.mx\/index.php\/wp-json\/wp\/v2\/posts\/51037\/revisions\/51039"}],"wp:featuredmedia":[{"embeddable":true,"href":"https:\/\/lahora.mx\/index.php\/wp-json\/wp\/v2\/media\/51038"}],"wp:attachment":[{"href":"https:\/\/lahora.mx\/index.php\/wp-json\/wp\/v2\/media?parent=51037"}],"wp:term":[{"taxonomy":"category","embeddable":true,"href":"https:\/\/lahora.mx\/index.php\/wp-json\/wp\/v2\/categories?post=51037"},{"taxonomy":"post_tag","embeddable":true,"href":"https:\/\/lahora.mx\/index.php\/wp-json\/wp\/v2\/tags?post=51037"}],"curies":[{"name":"wp","href":"https:\/\/api.w.org\/{rel}","templated":true}]}}