{"id":50940,"date":"2024-08-22T23:35:52","date_gmt":"2024-08-22T23:35:52","guid":{"rendered":"http:\/\/lahora.mx\/?p=50940"},"modified":"2024-08-22T23:35:52","modified_gmt":"2024-08-22T23:35:52","slug":"alejandra-valencia-medallista-olimpica-mexicana-denuncia-que-la-conade-le-redujo-su-beca-deportiva","status":"publish","type":"post","link":"https:\/\/lahora.mx\/index.php\/2024\/08\/22\/alejandra-valencia-medallista-olimpica-mexicana-denuncia-que-la-conade-le-redujo-su-beca-deportiva\/","title":{"rendered":"Alejandra Valencia, medallista ol\u00edmpica mexicana denuncia que la Conade le redujo su beca deportiva"},"content":{"rendered":"\n<p>Alejandra Valencia, una de las deportistas m\u00e1s importantes de M\u00e9xico se encuentra viviendo momentos de preocupaci\u00f3n y molestia, luego de darse a conocer una reducci\u00f3n en su beca deportiva por parte de la Conade.<\/p>\n\n\n\n<p>La medallista de bronce por equipos en la disciplina de Tiro con Arco en la pasada edici\u00f3n de los Juegos Ol\u00edmpicos de Par\u00eds 2024, comparti\u00f3 su tristeza en redes sociales al asegurar que al acudir a firmar documentaci\u00f3n sobre su beca, el incentivo se vio reducido por la instituci\u00f3n que dirige Ana Gabriela Guevara.<\/p>\n\n\n\n<p>Brenda Osnaya sue\u00f1a con una medalla en los Juegos Paral\u00edmpicos de Par\u00eds 2024<br>Brenda Osnaya sue\u00f1a con una medalla en los Juegos Paral\u00edmpicos de Par\u00eds 2024<br>\u00abVine a firmar la documentaci\u00f3n de mi beca y me entero que por las reglas de operaci\u00f3n que rigen a @CONADE me bajaron mi beca despu\u00e9s de la medalla ol\u00edmpica. No pues muchas gracias\u00bb, escribi\u00f3 en su cuenta de X.<\/p>\n\n\n\n<p>En ese sentido, la atleta ol\u00edmpica sigui\u00f3 compartiendo un mensaje ahora en su cuenta de instagram, en el que asegur\u00f3 que pese a la reducci\u00f3n deber\u00e1 seguir pagando a su preparador f\u00edsico y psic\u00f3loga con el objetivo de tener mejores resultados.<\/p>\n\n\n\n<p>Renata Zaraz\u00faa es eliminada en octavos de final del Abierto GNP Seguros<br>Renata Zaraz\u00faa es eliminada en octavos de final del Abierto GNP Seguros<br>Lee tambi\u00e9n Marco Verde recibe auto tras su medalla en Par\u00eds 2024, tendr\u00e1 gasolina gratis por un a\u00f1o<\/p>\n\n\n\n<p>De inmediato, al darse a conocer lo que ocurre con la arquera mexicana, las opiniones no se hicieron esperar por parte de los seguidores, quienes lanzaron comentarios negativos ante la gesti\u00f3n de Ana Gabriela Guevara.<\/p>\n","protected":false},"excerpt":{"rendered":"<p>Alejandra Valencia, una de las deportistas m\u00e1s importantes de M\u00e9xico se encuentra viviendo momentos de preocupaci\u00f3n y molestia, luego de darse a conocer una reducci\u00f3n en su beca deportiva por parte de la Conade. La medallista de bronce por equipos en la disciplina de Tiro con Arco en la pasada edici\u00f3n de los Juegos Ol\u00edmpicos [&hellip;]<\/p>\n","protected":false},"author":4,"featured_media":50941,"comment_status":"open","ping_status":"open","sticky":false,"template":"","format":"standard","meta":{"om_disable_all_campaigns":false,"_monsterinsights_skip_tracking":false,"_monsterinsights_sitenote_active":false,"_monsterinsights_sitenote_note":"","_monsterinsights_sitenote_category":0,"footnotes":""},"categories":[175],"tags":[223,142],"class_list":["post-50940","post","type-post","status-publish","format-standard","has-post-thumbnail","hentry","category-local","tag-puebla","tag-sports"],"amp_enabled":true,"_links":{"self":[{"href":"https:\/\/lahora.mx\/index.php\/wp-json\/wp\/v2\/posts\/50940","targetHints":{"allow":["GET"]}}],"collection":[{"href":"https:\/\/lahora.mx\/index.php\/wp-json\/wp\/v2\/posts"}],"about":[{"href":"https:\/\/lahora.mx\/index.php\/wp-json\/wp\/v2\/types\/post"}],"author":[{"embeddable":true,"href":"https:\/\/lahora.mx\/index.php\/wp-json\/wp\/v2\/users\/4"}],"replies":[{"embeddable":true,"href":"https:\/\/lahora.mx\/index.php\/wp-json\/wp\/v2\/comments?post=50940"}],"version-history":[{"count":1,"href":"https:\/\/lahora.mx\/index.php\/wp-json\/wp\/v2\/posts\/50940\/revisions"}],"predecessor-version":[{"id":50942,"href":"https:\/\/lahora.mx\/index.php\/wp-json\/wp\/v2\/posts\/50940\/revisions\/50942"}],"wp:featuredmedia":[{"embeddable":true,"href":"https:\/\/lahora.mx\/index.php\/wp-json\/wp\/v2\/media\/50941"}],"wp:attachment":[{"href":"https:\/\/lahora.mx\/index.php\/wp-json\/wp\/v2\/media?parent=50940"}],"wp:term":[{"taxonomy":"category","embeddable":true,"href":"https:\/\/lahora.mx\/index.php\/wp-json\/wp\/v2\/categories?post=50940"},{"taxonomy":"post_tag","embeddable":true,"href":"https:\/\/lahora.mx\/index.php\/wp-json\/wp\/v2\/tags?post=50940"}],"curies":[{"name":"wp","href":"https:\/\/api.w.org\/{rel}","templated":true}]}}