{"id":50934,"date":"2024-08-22T23:13:26","date_gmt":"2024-08-22T23:13:26","guid":{"rendered":"http:\/\/lahora.mx\/?p=50934"},"modified":"2024-08-22T23:13:26","modified_gmt":"2024-08-22T23:13:26","slug":"se-confirma-triunfo-de-santos-cedillo-en-huamantla","status":"publish","type":"post","link":"https:\/\/lahora.mx\/index.php\/2024\/08\/22\/se-confirma-triunfo-de-santos-cedillo-en-huamantla\/","title":{"rendered":"Se confirma triunfo de Santos Cedillo en Huamantla"},"content":{"rendered":"\n<p>Por unanimidad de votos, el pleno de la Sala Regional de la Ciudad de M\u00e9xico del Tribunal Electoral del Poder Judicial de la Federaci\u00f3n (TEPJF) confirm\u00f3 el triunfo del Partido Verde Ecologista de M\u00e9xico (PVEM) y de su abanderado, Juan Salvador Santos Cedillo en el municipio de Huamantla.<br>En contra parte, los magistrados federales confirmaron la nulidad de los comicios en el municipio de San Lucas Tecopilco, por lo que ser\u00e1 el Congreso del estado el que convoque a nuevas elecciones y designe a un concejo municipal que entre en funciones a partir del 31 de agosto y hasta que haya autoridades electas nuevamente.<\/p>\n\n\n\n<p>Este jueves, en sesi\u00f3n de pleno, los magistrados revocaron el acuerdo del TET-JDC-204\/2024, a trav\u00e9s del cual, el Tribunal Electoral de Tlaxcala (TET), declar\u00f3 la nulidad de la elecci\u00f3n municipal de Huamantla, Tlaxcala y revoc\u00f3 la declaraci\u00f3n de validez y el otorgamiento de las constancias de mayor\u00eda y validez entregadas a la planilla postulada por el referido partido y su candidato Santos Cedillo, y orden\u00f3 al Congreso emitir la convocatoria correspondiente para la celebraci\u00f3n de la elecci\u00f3n extraordinaria respectiva.<\/p>\n\n\n\n<p>De acuerdo con el expediente del cual fue ponente el magistrado Luis Enrique Rivero Carrera, determin\u00f3 que fue improcedente la determinaci\u00f3n de los magistrados de Tlaxcala de anular la votaci\u00f3n recibida en 30 casillas, dos de ellas por presi\u00f3n al electorado y 28 por error en el conjunto.<\/p>\n\n\n\n<p>Lo anterior porque respecto a dos casillas en las que se anul\u00f3 la votaci\u00f3n al considerar que se hab\u00eda recibido por personas no facultadas por la ley, porque en cada caso fungi\u00f3 una persona servidora p\u00fablica de mando superior en el ayuntamiento, lo que demostraba un v\u00ednculo con el candidato ganador que aspiraba a la reelecci\u00f3n, determinaron que \u201cno es posible desprender que dichas personas tengan un cargo de mando superior en la administraci\u00f3n municipal, de ah\u00ed que no se pudiera presumir la presi\u00f3n aducida.<\/p>\n\n\n\n<p>Adem\u00e1s, en el expediente local tampoco existen elementos con base en los cuales el tribunal local la hubiera podido tener por acreditada\u201d.<br>En cuanto al error en el c\u00f3mputo de la votaci\u00f3n en 28 casillas, que sirvi\u00f3 a los magistrados locales para anular la elecci\u00f3n, \u201cla responsable (TET) no advirti\u00f3 que en 14 casillas la diferencia entre dichos rubros no era superior a la que hubo entre los partidos que ocuparon el primero y segundo lugar, por lo que no eran determinantes para el resultado. Adem\u00e1s, de que en otras casillas, cuya votaci\u00f3n fue anulada, fueron recontadas durante el c\u00f3mputo municipal\u201d.<\/p>\n\n\n\n<p>Por tales razones, los magistrados determinaron \u201crevocar parcialmente la resoluci\u00f3n controvertida, revocar la nulidad de la elecci\u00f3n del ayuntamiento de Huamantla y, en v\u00eda de consecuencia, confirmar el c\u00f3mputo de dicha elecci\u00f3n y la declaraci\u00f3n de validez, as\u00ed como la entrega de la constancia de mayor\u00eda a la planilla postulada por el PVEM\u201d y de su abanderado Juan Salvador Santos Cedillo.<\/p>\n\n\n\n<p>En la misma sesi\u00f3n, los magistrados determinaron confirmar la determinaci\u00f3n de los magistrados del TET que anularon la elecci\u00f3n del municipio de San Lucas Tecopilco y ordenaron al Congreso local convocar a nuevas elecciones.<\/p>\n\n\n\n<p>Al resolver el expediente SCM JDC 2093 y SCM JRC 143\/2024, a trav\u00e9s de los cuales tanto el ex candidato Cesar Carrasco Cortes y el Partido Verde Ecologista de M\u00e9xico, quienes impugnaron la resoluci\u00f3n del TET que declar\u00f3 la nulidad de la elecci\u00f3n de integrantes del ayuntamiento de San Lucas Tecopilco, por haber ocurrido irregularidades graves que hicieron imposible constatar el resultado de la referida elecci\u00f3n, los magistrados federales determinaron que fue correcta tal determinaci\u00f3n.<\/p>\n\n\n\n<p>De acuerdo con la resoluci\u00f3n, que estuvo a cargo del magistrado Luis Enrique Rivero Carrera, los hechos violentos ocurridos despu\u00e9s de la jornada electoral impidi\u00f3 \u201creconstruir\u201d los resultados de la contienda, de ah\u00ed que es procedente anular los comicios y procede la celebraci\u00f3n de comicios extraordinarios.<\/p>\n\n\n\n<p>\u201cFue correcta la determinaci\u00f3n del tribunal local porque s\u00ed reconoci\u00f3 que los hechos de violencia en cuesti\u00f3n fueron posteriores a la celebraci\u00f3n de la jornada electiva e incluso del escrutinio y c\u00f3mputo de las casillas\u2026con base en el marco normativo y probatorio con que cont\u00f3, las irregularidades acreditadas hab\u00edan impactado el desarrollo y culminaci\u00f3n de la jornada, pues no se remitieron la totalidad de los paquetes electorales de casillas ante los hechos de violencia que derivaron en la quema de los mismos y, por tanto, no exist\u00eda certeza respecto de la votaci\u00f3n del electorado, con lo cual se colmaban los elementos para tener por actualizada la causal de nulidad de la elecci\u00f3n\u201d.<\/p>\n\n\n\n<p>Adem\u00e1s, dejaron a salvo la posible participaci\u00f3n del Partido Redes Sociales Progresistas de Tlaxcala en dichos comicios extraordinarios, pues el PVEM demandaba negar un posible registro en virtud de responsabilizarlo de esos hechos violentos que llevaron a la anulaci\u00f3n de los comicios.<\/p>\n\n\n\n<p>En tanto, los magistrados ratificaron las elecciones municipales de Ixtenco, Mazatecochco, Tetlanohcan, Terrenate, Chiautempan y Nativitas, adem\u00e1s del c\u00f3mputo de la elecci\u00f3n de diputaciones de mayor\u00eda relativa tanto en el distrito 04, con cabecera en Apizaco y del 10 de Huamantla, adem\u00e1s de la comunidad de la colonia Emiliano Zapata de la Comuna de Panotla.<\/p>\n","protected":false},"excerpt":{"rendered":"<p>Por unanimidad de votos, el pleno de la Sala Regional de la Ciudad de M\u00e9xico del Tribunal Electoral del Poder Judicial de la Federaci\u00f3n (TEPJF) confirm\u00f3 el triunfo del Partido Verde Ecologista de M\u00e9xico (PVEM) y de su abanderado, Juan Salvador Santos Cedillo en el municipio de Huamantla.En contra parte, los magistrados federales confirmaron la [&hellip;]<\/p>\n","protected":false},"author":4,"featured_media":50935,"comment_status":"open","ping_status":"open","sticky":false,"template":"","format":"standard","meta":{"om_disable_all_campaigns":false,"_monsterinsights_skip_tracking":false,"_monsterinsights_sitenote_active":false,"_monsterinsights_sitenote_note":"","_monsterinsights_sitenote_category":0,"footnotes":""},"categories":[175],"tags":[223,210],"class_list":["post-50934","post","type-post","status-publish","format-standard","has-post-thumbnail","hentry","category-local","tag-puebla","tag-tlaxcala"],"amp_enabled":true,"_links":{"self":[{"href":"https:\/\/lahora.mx\/index.php\/wp-json\/wp\/v2\/posts\/50934","targetHints":{"allow":["GET"]}}],"collection":[{"href":"https:\/\/lahora.mx\/index.php\/wp-json\/wp\/v2\/posts"}],"about":[{"href":"https:\/\/lahora.mx\/index.php\/wp-json\/wp\/v2\/types\/post"}],"author":[{"embeddable":true,"href":"https:\/\/lahora.mx\/index.php\/wp-json\/wp\/v2\/users\/4"}],"replies":[{"embeddable":true,"href":"https:\/\/lahora.mx\/index.php\/wp-json\/wp\/v2\/comments?post=50934"}],"version-history":[{"count":1,"href":"https:\/\/lahora.mx\/index.php\/wp-json\/wp\/v2\/posts\/50934\/revisions"}],"predecessor-version":[{"id":50936,"href":"https:\/\/lahora.mx\/index.php\/wp-json\/wp\/v2\/posts\/50934\/revisions\/50936"}],"wp:featuredmedia":[{"embeddable":true,"href":"https:\/\/lahora.mx\/index.php\/wp-json\/wp\/v2\/media\/50935"}],"wp:attachment":[{"href":"https:\/\/lahora.mx\/index.php\/wp-json\/wp\/v2\/media?parent=50934"}],"wp:term":[{"taxonomy":"category","embeddable":true,"href":"https:\/\/lahora.mx\/index.php\/wp-json\/wp\/v2\/categories?post=50934"},{"taxonomy":"post_tag","embeddable":true,"href":"https:\/\/lahora.mx\/index.php\/wp-json\/wp\/v2\/tags?post=50934"}],"curies":[{"name":"wp","href":"https:\/\/api.w.org\/{rel}","templated":true}]}}