{"id":50867,"date":"2024-08-21T17:45:28","date_gmt":"2024-08-21T17:45:28","guid":{"rendered":"http:\/\/lahora.mx\/?p=50867"},"modified":"2024-08-21T17:45:29","modified_gmt":"2024-08-21T17:45:29","slug":"sube-a-24-el-numero-de-lesionados-tras-volcadura-de-camion-de-la-guardia-nacional","status":"publish","type":"post","link":"https:\/\/lahora.mx\/index.php\/2024\/08\/21\/sube-a-24-el-numero-de-lesionados-tras-volcadura-de-camion-de-la-guardia-nacional\/","title":{"rendered":"Sube a 24 el n\u00famero de lesionados tras volcadura de cami\u00f3n de la Guardia Nacional"},"content":{"rendered":"\n<p>Un elemento de la Guardia Nacional muerto y 24 heridos, en su mayor\u00eda originarios de Oaxaca y uno de Tehuac\u00e1n, fue el saldo de la volcadura de un cami\u00f3n oficial que trasladaba a los uniformados; el fatal accidente ocurri\u00f3 sobre la super carretera Cuacnopalan-Oaxaca a la altura del kil\u00f3metro 37 en el tramo Tehuac\u00e1n-Cuacnopalan.<\/p>\n\n\n\n<p>Fue en las \u00faltimas horas de este martes cuando automovilistas que circulaban por la zona comenzaron a pedir ayuda de los cuerpos de emergencia, indicando que un cami\u00f3n de la Guardia Nacional hab\u00eda volcado.<\/p>\n\n\n\n<p>Al sitio se trasladaron autoridades federales as\u00ed como el cuerpo de rescate de Caminos y Puentes Federales (CAPUFE), Cruz Roja con destacamento en Tehuac\u00e1n, Protecci\u00f3n Civil y Bomberos, Soporte de Vida, Protecci\u00f3n Civil de Chilac, CAPUFE de Acatzingo y San Jos\u00e9 Miahuatl\u00e1n, SUMA de Chapulco y Santiago Miahuatl\u00e1n y ambulancias del Ej\u00e9rcito Mexicano.<\/p>\n\n\n\n<p>Autoridades dieron a conocer que la unidad transitaba sobre la super carretera Cuacnopalan-Oaxaca, pero al llegar al lugar referido el elemento que conduc\u00eda perdi\u00f3 el control y volcaron.<\/p>\n\n\n\n<p>Leer m\u00e1s: Desgajamiento de cerro provoc\u00f3 cierre de autopista Cuacnopalan-Oaxaca<br>Todos los oficiales que iba a bordo resultaron heridos, adem\u00e1s de que lamentablemente hubo un elemento que perdi\u00f3 la vida, mismo que fue identificado con el nombre de Alejandro N.<\/p>\n\n\n\n<p>Sobre los 24 heridos que fueron asistidos por los especialistas en primeros auxilios, estos fueron trasladados a diferentes nosocomios de la ciudad de Tehuac\u00e1n, en su mayor\u00eda al Hospital General, ISSSTE y al CESSA.<\/p>\n\n\n\n<p>Entre los lesionados se encuentran:<\/p>\n\n\n\n<p>Erick N., de 31 a\u00f1os de edad, vecino de Tehuac\u00e1n<br>Aristeo N., de 22 a\u00f1os, originario de Oaxaca<br>Gabriela de 24 a\u00f1os, originaria de Tlajiaco, Oaxaca<br>Jairo N., de 22 a\u00f1os, originario de Oaxaca de Ju\u00e1rez<br>Oscar N., de 28 a\u00f1os de edad<br>M\u00f3nica N., de 31 a\u00f1os, originaria de Papalotla<br>Heidi N., de 23 a\u00f1os originaria de Oaxaca de Ju\u00e1rez<\/p>\n\n\n\n<p>Miguel N., de 28 a\u00f1os, originario de San Antonio Huitepec Oaxaca<br>Wendy N., de 22 a\u00f1os, originaria de Oaxaca de Ju\u00e1rez<br>V\u00edctor Daniel N., de 19 a\u00f1os, originario de Cuilapa de Guerrero<br>Patricia N., de 28 a\u00f1os, originaria de Oaxaca de Ju\u00e1rez<br>Alejandro N., 21 a\u00f1os, originario de Villa Tamasulapa Oaxaca<br>Brenda N., de 30 a\u00f1os, originaria de Oaxaca<br>Te recomendamos: Accidente en la Cuacnopalan- Oaxaca deja cuatro muertos<\/p>\n\n\n\n<p>Monserrat N., de 22 a\u00f1os, originaria de Oaxaca<br>Iv\u00e1n N., 27 a\u00f1os, originario de Oaxaca de Ju\u00e1rez<br>Carlos N., de 24 a\u00f1os, originario de Oaxaca de Ju\u00e1rez<br>V\u00edctor N., de 29 a\u00f1os, originario de San Miguel Etla, Oaxaca<br>Jean N., de 26 a\u00f1os, originario de Oaxaca<br>Juan Alexis N., de 26 a\u00f1os<br>Faustino N., de 24 a\u00f1os, originario de Oaxaca de Ju\u00e1rez<br>X\u00f3chitl N., de 24 a\u00f1os, originaria de Salina Cruz Oaxaca<br>Yair N.<br>Yajaira N.<br>Daniel N.<\/p>\n","protected":false},"excerpt":{"rendered":"<p>Un elemento de la Guardia Nacional muerto y 24 heridos, en su mayor\u00eda originarios de Oaxaca y uno de Tehuac\u00e1n, fue el saldo de la volcadura de un cami\u00f3n oficial que trasladaba a los uniformados; el fatal accidente ocurri\u00f3 sobre la super carretera Cuacnopalan-Oaxaca a la altura del kil\u00f3metro 37 en el tramo Tehuac\u00e1n-Cuacnopalan. Fue [&hellip;]<\/p>\n","protected":false},"author":4,"featured_media":50868,"comment_status":"open","ping_status":"open","sticky":false,"template":"","format":"standard","meta":{"om_disable_all_campaigns":false,"_monsterinsights_skip_tracking":false,"_monsterinsights_sitenote_active":false,"_monsterinsights_sitenote_note":"","_monsterinsights_sitenote_category":0,"footnotes":""},"categories":[175,176,226],"tags":[223],"class_list":["post-50867","post","type-post","status-publish","format-standard","has-post-thumbnail","hentry","category-local","category-nacional","category-policia","tag-puebla"],"amp_enabled":true,"_links":{"self":[{"href":"https:\/\/lahora.mx\/index.php\/wp-json\/wp\/v2\/posts\/50867","targetHints":{"allow":["GET"]}}],"collection":[{"href":"https:\/\/lahora.mx\/index.php\/wp-json\/wp\/v2\/posts"}],"about":[{"href":"https:\/\/lahora.mx\/index.php\/wp-json\/wp\/v2\/types\/post"}],"author":[{"embeddable":true,"href":"https:\/\/lahora.mx\/index.php\/wp-json\/wp\/v2\/users\/4"}],"replies":[{"embeddable":true,"href":"https:\/\/lahora.mx\/index.php\/wp-json\/wp\/v2\/comments?post=50867"}],"version-history":[{"count":1,"href":"https:\/\/lahora.mx\/index.php\/wp-json\/wp\/v2\/posts\/50867\/revisions"}],"predecessor-version":[{"id":50869,"href":"https:\/\/lahora.mx\/index.php\/wp-json\/wp\/v2\/posts\/50867\/revisions\/50869"}],"wp:featuredmedia":[{"embeddable":true,"href":"https:\/\/lahora.mx\/index.php\/wp-json\/wp\/v2\/media\/50868"}],"wp:attachment":[{"href":"https:\/\/lahora.mx\/index.php\/wp-json\/wp\/v2\/media?parent=50867"}],"wp:term":[{"taxonomy":"category","embeddable":true,"href":"https:\/\/lahora.mx\/index.php\/wp-json\/wp\/v2\/categories?post=50867"},{"taxonomy":"post_tag","embeddable":true,"href":"https:\/\/lahora.mx\/index.php\/wp-json\/wp\/v2\/tags?post=50867"}],"curies":[{"name":"wp","href":"https:\/\/api.w.org\/{rel}","templated":true}]}}