{"id":50810,"date":"2024-08-20T17:12:55","date_gmt":"2024-08-20T17:12:55","guid":{"rendered":"http:\/\/lahora.mx\/?p=50810"},"modified":"2024-08-20T17:12:56","modified_gmt":"2024-08-20T17:12:56","slug":"biden-respalda-campana-de-kamala-harris","status":"publish","type":"post","link":"https:\/\/lahora.mx\/index.php\/2024\/08\/20\/biden-respalda-campana-de-kamala-harris\/","title":{"rendered":"Biden respalda campa\u00f1a de Kamala Harris"},"content":{"rendered":"\n<p>Joe Biden, presidente de los Estados Unidos, respald\u00f3 p\u00fablicamente a la candidata dem\u00f3crata presidencial, Kamala Harris, durante su discurso en la Convenci\u00f3n Nacional del partido del burro celebrada en Chicago.<\/p>\n\n\n\n<p>Biden aprovecho el evento de ayer para advertir de los supuestos peligros que Estados Unidos (EU) enfrentar\u00eda si Donald Trump regresa a la Casa Blanca para la administraci\u00f3n 2024\u20142028.<\/p>\n\n\n\n<p>\u201cEstamos en un punto de quiebre [donde] las nuestras decisiones determinar\u00e1n el destino de nuestra naci\u00f3n (\u2026) libramos una batalla por el alma de los Estados Unidos\u201d asegur\u00f3 el octogenario.<\/p>\n\n\n\n<p>Aunque reconoci\u00f3 algunos errores en su administraci\u00f3n, afirm\u00f3 que las pol\u00edticas conciliatorias de su gobierno mantuvieron el sistema democr\u00e1tico, tras su llegada al poder ejecutivo en 2021.<br>Adem\u00e1s de criticar a Trump, el presidente Biden elogi\u00f3 la experiencia de Kamala Harris en el sistema judicial estadunidense, como fiscal de general de California, de 2010 a 2017.<\/p>\n\n\n\n<p>\u201cLa tasa de homicidios seguir\u00e1 bajando cuando tengamos una fiscal en la Casa Blanca en lugar de un criminal convicto\u201d, se\u00f1al\u00f3 Biden, refiriendo a los cargos contra Donald Trump.<\/p>\n\n\n\n<p>\u201cTrump dice que Estados Unidos es una naci\u00f3n en declive (\u2026) est\u00e1 equivocado. Ha sido el honor de mi vida servir como presidente. Necesitamos derrotar a Donald Trump\u201d, sentenci\u00f3 Biden.<\/p>\n\n\n\n<p>Kamala Harris, actual vicepresidenta de EU, agradeci\u00f3 en discurso el respaldo de Biden, su compa\u00f1ero de f\u00f3rmula en las elecciones presidenciales del 2020, cuando derrotaron a Trump.<br><br>\u201cSentimos mucho agradecimiento hacia ti (\u2026) devolviste la dignidad, conciencia y confianza a la Casa Blanca (\u2026) Gracias por tu servicio y liderazgo de toda una vida\u201d, concluy\u00f3 Harris.<\/p>\n","protected":false},"excerpt":{"rendered":"<p>Joe Biden, presidente de los Estados Unidos, respald\u00f3 p\u00fablicamente a la candidata dem\u00f3crata presidencial, Kamala Harris, durante su discurso en la Convenci\u00f3n Nacional del partido del burro celebrada en Chicago. Biden aprovecho el evento de ayer para advertir de los supuestos peligros que Estados Unidos (EU) enfrentar\u00eda si Donald Trump regresa a la Casa Blanca [&hellip;]<\/p>\n","protected":false},"author":4,"featured_media":50811,"comment_status":"open","ping_status":"open","sticky":false,"template":"","format":"standard","meta":{"om_disable_all_campaigns":false,"_monsterinsights_skip_tracking":false,"_monsterinsights_sitenote_active":false,"_monsterinsights_sitenote_note":"","_monsterinsights_sitenote_category":0,"footnotes":""},"categories":[183],"tags":[223],"class_list":["post-50810","post","type-post","status-publish","format-standard","has-post-thumbnail","hentry","category-internacional","tag-puebla"],"amp_enabled":true,"_links":{"self":[{"href":"https:\/\/lahora.mx\/index.php\/wp-json\/wp\/v2\/posts\/50810","targetHints":{"allow":["GET"]}}],"collection":[{"href":"https:\/\/lahora.mx\/index.php\/wp-json\/wp\/v2\/posts"}],"about":[{"href":"https:\/\/lahora.mx\/index.php\/wp-json\/wp\/v2\/types\/post"}],"author":[{"embeddable":true,"href":"https:\/\/lahora.mx\/index.php\/wp-json\/wp\/v2\/users\/4"}],"replies":[{"embeddable":true,"href":"https:\/\/lahora.mx\/index.php\/wp-json\/wp\/v2\/comments?post=50810"}],"version-history":[{"count":1,"href":"https:\/\/lahora.mx\/index.php\/wp-json\/wp\/v2\/posts\/50810\/revisions"}],"predecessor-version":[{"id":50812,"href":"https:\/\/lahora.mx\/index.php\/wp-json\/wp\/v2\/posts\/50810\/revisions\/50812"}],"wp:featuredmedia":[{"embeddable":true,"href":"https:\/\/lahora.mx\/index.php\/wp-json\/wp\/v2\/media\/50811"}],"wp:attachment":[{"href":"https:\/\/lahora.mx\/index.php\/wp-json\/wp\/v2\/media?parent=50810"}],"wp:term":[{"taxonomy":"category","embeddable":true,"href":"https:\/\/lahora.mx\/index.php\/wp-json\/wp\/v2\/categories?post=50810"},{"taxonomy":"post_tag","embeddable":true,"href":"https:\/\/lahora.mx\/index.php\/wp-json\/wp\/v2\/tags?post=50810"}],"curies":[{"name":"wp","href":"https:\/\/api.w.org\/{rel}","templated":true}]}}