{"id":50712,"date":"2024-08-18T17:39:59","date_gmt":"2024-08-18T17:39:59","guid":{"rendered":"http:\/\/lahora.mx\/?p=50712"},"modified":"2024-08-18T17:39:59","modified_gmt":"2024-08-18T17:39:59","slug":"venezolanos-toman-las-calles","status":"publish","type":"post","link":"https:\/\/lahora.mx\/index.php\/2024\/08\/18\/venezolanos-toman-las-calles\/","title":{"rendered":"Venezolanos toman las calles"},"content":{"rendered":"\n<p>Pese a la tensi\u00f3n pol\u00edtica que vive Venezuela desde el pasado 28 de julio, d\u00eda de las elecciones presidenciales, ayer decenas de miles de venezolanos tomaron las calles en varias manifestaciones pac\u00edficas y coloridas, convocadas por el gobierno y la oposici\u00f3n.<\/p>\n\n\n\n<p>El gobernante Partido Socialista Unido de Venezuela (PSUV), que cuenta con miles de organismos de base en todo el territorio nacional, convoc\u00f3 a \u00ab100 marchas\u00bb de su militancia con el objetivo de \u00abcelebrar la victoria del presidente Nicol\u00e1s Maduro en los comicios presidenciales, rechazar el fascismo y defender la paz del pa\u00eds\u00bb.<\/p>\n\n\n\n<p>Venezolanos toman las calles en favor y en contra de Nicol\u00e1s Maduro<br>Destacaron las movilizaciones en ciudades como Matur\u00edn y Cuman\u00e1 (noreste).<br>Los simpatizantes del PSUV bailaron al ritmo de canciones alusivas a la defensa del gobierno, cantaron, gritaron consignas combativas y manifestaron alegr\u00eda por el anuncio del Consejo Nacional Electoral (CNE) que, el pasado 29 de julio, proclam\u00f3 ganador de los comicios presidenciales a Nicol\u00e1s Maduro.<\/p>\n\n\n\n<p>El alcalde de la ciudad de Cuman\u00e1, Luis Javier Sifontes, declar\u00f3 a Xinhua que \u00abhoy (ayer) Cuman\u00e1 se llen\u00f3 de una gran alegr\u00eda y colorido, estamos felices defendiendo la paz de nuestro estado Sucre y de nuestra Venezuela. Pero tambi\u00e9n dispuestos a enfrentar a cualquier expresi\u00f3n fascista\u00bb.<\/p>\n\n\n\n<p>Sifontes, que tambi\u00e9n es jefe de organizaci\u00f3n del PSUV para el estado oriental de Sucre, asegur\u00f3 que las fuerzas de su partido est\u00e1n dispuestas a \u00abdefender a toda costa\u00bb la victoria del presidente Maduro en las elecciones presidenciales.<br>En Caracas, capital del pa\u00eds sudamericano, miles de venezolanos, muchos de ellos motorizados y otros marchando a pie, partieron desde el este de la zona metropolitana, en Petare, hacia la avenida Urdaneta.<\/p>\n\n\n\n<p>La amplia avenida Libertador tambi\u00e9n fue una ruta que utilizaron los simpatizantes del oficialismo para recorrer la ciudad y expresar su respaldo al presidente Maduro, portando carteles en rechazo al fascismo, banderas de Venezuela, im\u00e1genes del fallecido presidente Hugo Ch\u00e1vez y franelas de color rojo.<\/p>\n\n\n\n<p>Venezolanos toman las calles en favor y en contra de Nicol\u00e1s Maduro<br>Al finalizar la tarde, sobre la tarima principal de las fuerzas progubernamentales en Caracas, el presidente venezolano, Nicol\u00e1s Maduro, ofreci\u00f3 un discurso ante sus seguidores: \u00abVolvimos a ganar porque triunf\u00f3 la paz, no pudieron ni podr\u00e1n jam\u00e1s\u00bb, enfatiz\u00f3.<\/p>\n\n\n\n<p>\u00abLa derecha fascista se espich\u00f3 (desinfl\u00f3). Ellos creyeron que con los influencer (influenciadores), desde Miami, iban a movilizar personas en las calles. Les digo: \u00a1Fracasaron!\u00bb, exclam\u00f3 el mandatario.<\/p>\n\n\n\n<p>Asimismo, pronunci\u00f3 duras cr\u00edticas contra el dirigente opositor y excandidato presidencial, Edmundo Gonz\u00e1lez. \u00ab\u00bfD\u00f3nde estar\u00e1 Edmundo Gonz\u00e1lez Urrutia? Sal de tu cueva y da la cara\u00bb, manifest\u00f3 el presidente, despu\u00e9s de que su adversario no acudiera a la movilizaci\u00f3n opositora.<\/p>\n\n\n\n<p>Maduro asegur\u00f3 que su pa\u00eds se mantendr\u00e1 en paz y que nada podr\u00e1 alterar la estabilidad nacional.<\/p>\n\n\n\n<p>Movilizaciones en Venezuela, por controversia por las elecciones presidenciales<br>Las movilizaciones del s\u00e1bado se produjeron como consecuencia de una controversia pol\u00edtica, nacional e internacional, sobre las recientes elecciones presidenciales venezolanas.<\/p>\n\n\n\n<p>La coalici\u00f3n opositora venezolana Plataforma Unitaria Democr\u00e1tica (PUD), Estados Unidos y la Uni\u00f3n Europea, entre otros, denunciaron supuestas irregularidades en las elecciones y violaciones de los procedimientos electorales. El gobierno venezolano, sin embargo, advierte de que dichas denuncias s\u00f3lo buscan perpetrar un golpe de Estado dirigido desde Washington.<\/p>\n\n\n\n<p>Venezolanos toman las calles en favor y en contra de Nicol\u00e1s Maduro<br>Por otra parte, simpatizantes de la oposici\u00f3n local tambi\u00e9n tomaron las calles en varias ciudades del pa\u00eds sudamericano para respaldar los reclamos de los dirigentes de la PUD, que aseguran haber ganado las elecciones, pese a la proclamaci\u00f3n de Maduro como ganador por parte del CNE.<\/p>\n\n\n\n<p>El Tribunal Supremo de Justicia de Venezuela est\u00e1 realizando ahora un peritaje t\u00e9cnico de los resultados electorales, a instancias de un recurso de amparo del propio presidente Maduro. La sala electoral del alto tribunal tiene previsto publicar un informe t\u00e9cnico sobre los resultados pr\u00f3ximamente.<\/p>\n\n\n\n<p>Edmundo Gonz\u00e1lez saluda movilizaciones de sus simpatizantes<br>El excandidato presidencial de la oposici\u00f3n, Edmundo Gonz\u00e1lez, salud\u00f3 las movilizaciones de sus simpatizantes a trav\u00e9s de su cuenta en la red social X. \u00abVenezuela est\u00e1 toda unida luchando por democracia y libertad. Tenemos los votos, las actas, el apoyo de la comunidad internacional y venezolanos decididos a luchar. Es hora de una transici\u00f3n ordenada\u00bb, enfatiz\u00f3.<\/p>\n\n\n\n<p>Los simpatizantes de la oposici\u00f3n poblaron la avenida Francisco de Miranda, en Caracas, con coloridas vestimentas, banderas de Venezuela y actas electorales en sus manos, protestando en contra de supuestas irregularidades en los comicios.<\/p>\n\n\n\n<p>Bajo la consigna \u00abgan\u00f3 Venezuela\u00bb, tambi\u00e9n se registraron movilizaciones opositoras en estados como T\u00e1chira, fronterizo con Colombia. Cabe destacar que la oposici\u00f3n venezolana no respalda el proceso jur\u00eddico de peritaje que realiza el m\u00e1ximo tribunal por considerar que dichas acciones no son competencia suya.<\/p>\n\n\n\n<p>La PUD report\u00f3 adem\u00e1s movilizaciones opositoras en ciudades como Madrid (Espa\u00f1a), Santiago de Chile, Miami (Florida, EE. UU.), Guayaquil (Ecuador), Ciudad de Panam\u00e1, R\u00edo de Janeiro (Brasil) y Buenos Aires (Argentina), entre otras.<\/p>\n\n\n\n<p>La movilizaci\u00f3n opositora de Caracas estuvo encabezada por los dirigentes Biagio Pilieri, Delsa Sol\u00f3rzano, Mar\u00eda Corina Machado, Alfredo Ramos y C\u00e9sar P\u00e9rez Vivas.<\/p>\n","protected":false},"excerpt":{"rendered":"<p>Pese a la tensi\u00f3n pol\u00edtica que vive Venezuela desde el pasado 28 de julio, d\u00eda de las elecciones presidenciales, ayer decenas de miles de venezolanos tomaron las calles en varias manifestaciones pac\u00edficas y coloridas, convocadas por el gobierno y la oposici\u00f3n. El gobernante Partido Socialista Unido de Venezuela (PSUV), que cuenta con miles de organismos [&hellip;]<\/p>\n","protected":false},"author":4,"featured_media":50713,"comment_status":"open","ping_status":"open","sticky":false,"template":"","format":"standard","meta":{"om_disable_all_campaigns":false,"_monsterinsights_skip_tracking":false,"_monsterinsights_sitenote_active":false,"_monsterinsights_sitenote_note":"","_monsterinsights_sitenote_category":0,"footnotes":""},"categories":[183],"tags":[223],"class_list":["post-50712","post","type-post","status-publish","format-standard","has-post-thumbnail","hentry","category-internacional","tag-puebla"],"amp_enabled":true,"_links":{"self":[{"href":"https:\/\/lahora.mx\/index.php\/wp-json\/wp\/v2\/posts\/50712","targetHints":{"allow":["GET"]}}],"collection":[{"href":"https:\/\/lahora.mx\/index.php\/wp-json\/wp\/v2\/posts"}],"about":[{"href":"https:\/\/lahora.mx\/index.php\/wp-json\/wp\/v2\/types\/post"}],"author":[{"embeddable":true,"href":"https:\/\/lahora.mx\/index.php\/wp-json\/wp\/v2\/users\/4"}],"replies":[{"embeddable":true,"href":"https:\/\/lahora.mx\/index.php\/wp-json\/wp\/v2\/comments?post=50712"}],"version-history":[{"count":1,"href":"https:\/\/lahora.mx\/index.php\/wp-json\/wp\/v2\/posts\/50712\/revisions"}],"predecessor-version":[{"id":50714,"href":"https:\/\/lahora.mx\/index.php\/wp-json\/wp\/v2\/posts\/50712\/revisions\/50714"}],"wp:featuredmedia":[{"embeddable":true,"href":"https:\/\/lahora.mx\/index.php\/wp-json\/wp\/v2\/media\/50713"}],"wp:attachment":[{"href":"https:\/\/lahora.mx\/index.php\/wp-json\/wp\/v2\/media?parent=50712"}],"wp:term":[{"taxonomy":"category","embeddable":true,"href":"https:\/\/lahora.mx\/index.php\/wp-json\/wp\/v2\/categories?post=50712"},{"taxonomy":"post_tag","embeddable":true,"href":"https:\/\/lahora.mx\/index.php\/wp-json\/wp\/v2\/tags?post=50712"}],"curies":[{"name":"wp","href":"https:\/\/api.w.org\/{rel}","templated":true}]}}