{"id":50664,"date":"2024-08-16T18:35:52","date_gmt":"2024-08-16T18:35:52","guid":{"rendered":"http:\/\/lahora.mx\/?p=50664"},"modified":"2024-08-16T18:35:52","modified_gmt":"2024-08-16T18:35:52","slug":"viruela-del-mono-ya-esta-fuera-de-africa","status":"publish","type":"post","link":"https:\/\/lahora.mx\/index.php\/2024\/08\/16\/viruela-del-mono-ya-esta-fuera-de-africa\/","title":{"rendered":"Viruela del mono ya esta fuera de \u00c1frica"},"content":{"rendered":"\n<p>Autoridades de Suecia y Pakist\u00e1n confirmaron los primeros contagios del virus Mpox o viruela del mono en sus territorios; los primeros casos que se registran fuera de \u00c1frica en 2024.<\/p>\n\n\n\n<p>En Suecia se trat\u00f3 de un afectado con la cepa m\u00e1s agresiva del virus. En Pakist\u00e1n hubo tres contagios; los sujetos dijeron haber viajado antes a los Emiratos \u00c1rabes Unidos.<\/p>\n\n\n\n<p>Se confirmaron ayer, luego del anuncio del 14 de agosto por la Organizaci\u00f3n Mundial de la Salud (OMS) que declar\u00f3 emergencia global por brotes del virus en distintos pa\u00edses africanos.<br>La Agencia Sueca de Salud P\u00fablica inform\u00f3 de una persona contagiada por Mpox. Acudi\u00f3 a tratar sus padecimientos en la ciudad de Estocolmo.<\/p>\n\n\n\n<p>Ya en la capital, m\u00e9dicos detectaron que padec\u00eda la variante Clado 1, la m\u00e1s peligrosa y agresiva. Tedros Adhanom Ghebreyesus, director de la OMS, lo confirm\u00f3 horas despu\u00e9s.<\/p>\n\n\n\n<p>\u201cLa identificaci\u00f3n de la primera infecci\u00f3n de Mpox Clado 1b en Suecia subraya la necesidad de que los pa\u00edses afectados aborden en conjunto este virus\u201d afirm\u00f3 en sus redes sociales<\/p>\n\n\n\n<p>Tedros Adhanom invit\u00f3 a los pa\u00edses a compartir datos sobre la infecci\u00f3n; \u201cAlentamos a todos los pa\u00edses a (\u2026) trabajar para comprender mejor la transmisi\u00f3n, a compartir vacunas\u201d.<br>2 infectados con viruela del mono en Pakist\u00e1n; llegaron de Emiratos<br>En Pakist\u00e1n confirmaron tres casos de Mpox, en la regi\u00f3n de Jiber Pajtunjua, al norte del pa\u00eds. Los afectados revelaron viajar antes de presentar s\u00edntomas a los Emiratos \u00c1rabes Unidos.<\/p>\n\n\n\n<p>Las muestras de los sujetos se transportaron a diversas sedes del Instituto Nacional de Salud de Islamabad, en donde ser\u00e1n estudias a profundidad por m\u00e9dicos especialistas del pa\u00eds.<\/p>\n\n\n\n<p>M\u00e1s de 14 mil casos y 524 muertes por viruela del mono<br>La OMS confirm\u00f3 en 2024 m\u00e1s de 14 mil contagios de Mpox y 524 muertes derivadas en \u00c1frica. La Rep\u00fablica Democr\u00e1tica del Congo ser\u00eda el punto de brote del virus.<\/p>\n","protected":false},"excerpt":{"rendered":"<p>Autoridades de Suecia y Pakist\u00e1n confirmaron los primeros contagios del virus Mpox o viruela del mono en sus territorios; los primeros casos que se registran fuera de \u00c1frica en 2024. En Suecia se trat\u00f3 de un afectado con la cepa m\u00e1s agresiva del virus. En Pakist\u00e1n hubo tres contagios; los sujetos dijeron haber viajado antes [&hellip;]<\/p>\n","protected":false},"author":4,"featured_media":50665,"comment_status":"open","ping_status":"open","sticky":false,"template":"","format":"standard","meta":{"om_disable_all_campaigns":false,"_monsterinsights_skip_tracking":false,"_monsterinsights_sitenote_active":false,"_monsterinsights_sitenote_note":"","_monsterinsights_sitenote_category":0,"footnotes":""},"categories":[183],"tags":[],"class_list":["post-50664","post","type-post","status-publish","format-standard","has-post-thumbnail","hentry","category-internacional"],"amp_enabled":true,"_links":{"self":[{"href":"https:\/\/lahora.mx\/index.php\/wp-json\/wp\/v2\/posts\/50664","targetHints":{"allow":["GET"]}}],"collection":[{"href":"https:\/\/lahora.mx\/index.php\/wp-json\/wp\/v2\/posts"}],"about":[{"href":"https:\/\/lahora.mx\/index.php\/wp-json\/wp\/v2\/types\/post"}],"author":[{"embeddable":true,"href":"https:\/\/lahora.mx\/index.php\/wp-json\/wp\/v2\/users\/4"}],"replies":[{"embeddable":true,"href":"https:\/\/lahora.mx\/index.php\/wp-json\/wp\/v2\/comments?post=50664"}],"version-history":[{"count":1,"href":"https:\/\/lahora.mx\/index.php\/wp-json\/wp\/v2\/posts\/50664\/revisions"}],"predecessor-version":[{"id":50666,"href":"https:\/\/lahora.mx\/index.php\/wp-json\/wp\/v2\/posts\/50664\/revisions\/50666"}],"wp:featuredmedia":[{"embeddable":true,"href":"https:\/\/lahora.mx\/index.php\/wp-json\/wp\/v2\/media\/50665"}],"wp:attachment":[{"href":"https:\/\/lahora.mx\/index.php\/wp-json\/wp\/v2\/media?parent=50664"}],"wp:term":[{"taxonomy":"category","embeddable":true,"href":"https:\/\/lahora.mx\/index.php\/wp-json\/wp\/v2\/categories?post=50664"},{"taxonomy":"post_tag","embeddable":true,"href":"https:\/\/lahora.mx\/index.php\/wp-json\/wp\/v2\/tags?post=50664"}],"curies":[{"name":"wp","href":"https:\/\/api.w.org\/{rel}","templated":true}]}}