{"id":50648,"date":"2024-08-16T01:20:01","date_gmt":"2024-08-16T01:20:01","guid":{"rendered":"http:\/\/lahora.mx\/?p=50648"},"modified":"2024-08-16T01:20:02","modified_gmt":"2024-08-16T01:20:02","slug":"alejandro-armenta-respaldara-el-proyecto-de-claudia-sheinbaum-para-consolidar-la-cuarta-transformacion","status":"publish","type":"post","link":"https:\/\/lahora.mx\/index.php\/2024\/08\/16\/alejandro-armenta-respaldara-el-proyecto-de-claudia-sheinbaum-para-consolidar-la-cuarta-transformacion\/","title":{"rendered":"Alejandro Armenta respaldar\u00e1 el proyecto de Claudia Sheinbaum para consolidar la Cuarta Transformaci\u00f3n"},"content":{"rendered":"\n<p>\u00abDesde Puebla construiremos junto a la doctora Claudia Sheinbaum, primera presidenta de M\u00e9xico, el segundo piso de la Cuarta Transformaci\u00f3n\u00bb, estas fueron las palabras en este d\u00eda hist\u00f3rico, del gobernador electo de Puebla, Alejandro Armenta, que desde el Teatro Metrop\u00f3litan en la capital del pa\u00eds, fue testigo de la entrega de la constancia presidencial por parte del Tribunal Electoral del Poder Judicial de la Federaci\u00f3n (TEPJF).<\/p>\n\n\n\n<p>Tras recibir la constancia presidencial en las instalaciones del TEPJF, se reuni\u00f3 con invitados especiales, como gobernadores en funciones y electos, as\u00ed como legisladores y otros personajes de la pol\u00edtica nacional. En su discurso como presidenta electa, Claudia Sheinbaum reconoci\u00f3 el respaldo del pueblo mexicano, se\u00f1alando que su triunfo es un reflejo colectivo.<\/p>\n\n\n\n<p>Nuestro movimiento, indic\u00f3, obtuvo 35 millones 924 mil 519 votos, lo que representa el 59.76% del total de la votaci\u00f3n; 32 puntos por encima del segundo lugar, \u00abhoy no llego sola, llegamos todas\u201d, declar\u00f3. Adem\u00e1s, se comprometi\u00f3 a respetar el mandato del pueblo mexicano, gobernando para todos con honestidad y garantizando los derechos humanos. <em>\u00abComo primera mujer presidenta de M\u00e9xico, sepan que actuar\u00e9 con honestidad y respeto a la independencia de todos los poderes. \u00a1Que viva M\u00e9xico!\u00bb<\/em> agreg\u00f3 Sheinbaum.<\/p>\n\n\n\n<p>El gobernador electo Alejandro Armenta reafirma su compromiso de trabajar de la mano con la presidenta electa para consolidar un proyecto humanista de pa\u00eds que beneficie a todos los mexicanos, sobre todo a los m\u00e1s pobres, con justicia y bienestar.<\/p>\n","protected":false},"excerpt":{"rendered":"<p>\u00abDesde Puebla construiremos junto a la doctora Claudia Sheinbaum, primera presidenta de M\u00e9xico, el segundo piso de la Cuarta Transformaci\u00f3n\u00bb, estas fueron las palabras en este d\u00eda hist\u00f3rico, del gobernador electo de Puebla, Alejandro Armenta, que desde el Teatro Metrop\u00f3litan en la capital del pa\u00eds, fue testigo de la entrega de la constancia presidencial por [&hellip;]<\/p>\n","protected":false},"author":4,"featured_media":50649,"comment_status":"open","ping_status":"open","sticky":false,"template":"","format":"standard","meta":{"om_disable_all_campaigns":false,"_monsterinsights_skip_tracking":false,"_monsterinsights_sitenote_active":false,"_monsterinsights_sitenote_note":"","_monsterinsights_sitenote_category":0,"footnotes":""},"categories":[175,5],"tags":[128,223],"class_list":["post-50648","post","type-post","status-publish","format-standard","has-post-thumbnail","hentry","category-local","category-politica","tag-politics","tag-puebla"],"amp_enabled":true,"_links":{"self":[{"href":"https:\/\/lahora.mx\/index.php\/wp-json\/wp\/v2\/posts\/50648","targetHints":{"allow":["GET"]}}],"collection":[{"href":"https:\/\/lahora.mx\/index.php\/wp-json\/wp\/v2\/posts"}],"about":[{"href":"https:\/\/lahora.mx\/index.php\/wp-json\/wp\/v2\/types\/post"}],"author":[{"embeddable":true,"href":"https:\/\/lahora.mx\/index.php\/wp-json\/wp\/v2\/users\/4"}],"replies":[{"embeddable":true,"href":"https:\/\/lahora.mx\/index.php\/wp-json\/wp\/v2\/comments?post=50648"}],"version-history":[{"count":1,"href":"https:\/\/lahora.mx\/index.php\/wp-json\/wp\/v2\/posts\/50648\/revisions"}],"predecessor-version":[{"id":50650,"href":"https:\/\/lahora.mx\/index.php\/wp-json\/wp\/v2\/posts\/50648\/revisions\/50650"}],"wp:featuredmedia":[{"embeddable":true,"href":"https:\/\/lahora.mx\/index.php\/wp-json\/wp\/v2\/media\/50649"}],"wp:attachment":[{"href":"https:\/\/lahora.mx\/index.php\/wp-json\/wp\/v2\/media?parent=50648"}],"wp:term":[{"taxonomy":"category","embeddable":true,"href":"https:\/\/lahora.mx\/index.php\/wp-json\/wp\/v2\/categories?post=50648"},{"taxonomy":"post_tag","embeddable":true,"href":"https:\/\/lahora.mx\/index.php\/wp-json\/wp\/v2\/tags?post=50648"}],"curies":[{"name":"wp","href":"https:\/\/api.w.org\/{rel}","templated":true}]}}