{"id":50645,"date":"2024-08-16T01:18:18","date_gmt":"2024-08-16T01:18:18","guid":{"rendered":"http:\/\/lahora.mx\/?p=50645"},"modified":"2024-08-16T01:18:18","modified_gmt":"2024-08-16T01:18:18","slug":"tendra-congreso-de-puebla-sesion-extraordinaria-antes-que-termine-la-legislatura","status":"publish","type":"post","link":"https:\/\/lahora.mx\/index.php\/2024\/08\/16\/tendra-congreso-de-puebla-sesion-extraordinaria-antes-que-termine-la-legislatura\/","title":{"rendered":"Tendr\u00e1 Congreso de Puebla sesi\u00f3n extraordinaria antes que termine la legislatura"},"content":{"rendered":"\n<p>El presidente de la Junta de Gobierno y Coordinaci\u00f3n Pol\u00edtica, Edgar Garmendia de los Santos, ventil\u00f3 que habr\u00e1 otra sesi\u00f3n extraordinaria, y no descart\u00f3 sacar adelante la Ley de Declaratoria Especial de Ausencia, un tema que est\u00e1 en la congeladora y han exigido familiares de personas desaparecidas.<\/p>\n\n\n\n<p>Desde la sede del Legislativo, confirm\u00f3 que convocar\u00e1 a todos los diputados locales antes de la primera quincena de septiembre, con el fin de aprobar temas pendientes.<\/p>\n\n\n\n<p>Entre ellos se prev\u00e9 la donaci\u00f3n de predios en los municipios de Tepatlaxco de Hidalgo y Tepeaca, que recientemente envi\u00f3 el gobernador de Puebla, Sergio Salom\u00f3n C\u00e9spedes Peregrina.<\/p>\n\n\n\n<p>El l\u00edder del Congreso local adelant\u00f3 que en los pr\u00f3ximos d\u00edas se reunir\u00e1n los coordinadores de las diferentes bancadas, con el fin de analizar qu\u00e9 puntos ser\u00e1n sacados en los \u00faltimos d\u00edas de la LXI Legislatura.<\/p>\n\n\n\n<p>Ante el cuestionamiento directo de la Ley de Declaratoria Especial de Ausencia, Edgar Garmendia no lo descart\u00f3, aunque aclar\u00f3 que debe avalarse en comisiones, tal como lo marca el procedimiento legislativo.<\/p>\n\n\n\n<p>Desde semanas atr\u00e1s , integrantes del colectivo Voz de los Desaparecidos han emprendido una lucha para que los legisladores avalen la creaci\u00f3n de la nueva normativa que beneficiar\u00eda a los familiares con una persona no localizada.<\/p>\n\n\n\n<p>Inclusive, su llamado ha sido respaldado por integrantes del Instituto Ignacio Ellacur\u00eda de la Universidad Iberoamericana Puebla, que colabor\u00f3 para hacer la propuesta de ley.<\/p>\n\n\n\n<p>Este medio dio a conocer que la normativa brinda derechos jur\u00eddicos a los familiares de personas desaparecidas y les permitir\u00eda dar un paso en la lucha que tienen.<\/p>\n\n\n\n<p>En otro tema, indic\u00f3 que los diputados locales deben regresar el dinero que no ejercieron para su informe de labores, correspondiente al \u00faltimo a\u00f1o. Este 2024, cada uno dispuso de 180 mil pesos.<\/p>\n\n\n\n<p>El plazo m\u00e1ximo para devolver el dinero son 15 d\u00edas despu\u00e9s de rendir cuentas ante los ciudadanos.<\/p>\n\n\n\n<p>\u27a1\ufe0f Suscr\u00edbete a nuestro Newsletter y recibe las notas m\u00e1s relevantes en tu correo<\/p>\n\n\n\n<p>Adem\u00e1s, defendi\u00f3 que algunos legisladores hacen el ejercicio por medio de redes sociales u otras plataformas, derivado de que, son distritos muy amplios y no llegar\u00eda a otra la comunidad.<\/p>\n","protected":false},"excerpt":{"rendered":"<p>El presidente de la Junta de Gobierno y Coordinaci\u00f3n Pol\u00edtica, Edgar Garmendia de los Santos, ventil\u00f3 que habr\u00e1 otra sesi\u00f3n extraordinaria, y no descart\u00f3 sacar adelante la Ley de Declaratoria Especial de Ausencia, un tema que est\u00e1 en la congeladora y han exigido familiares de personas desaparecidas. Desde la sede del Legislativo, confirm\u00f3 que convocar\u00e1 [&hellip;]<\/p>\n","protected":false},"author":4,"featured_media":50646,"comment_status":"open","ping_status":"open","sticky":false,"template":"","format":"standard","meta":{"om_disable_all_campaigns":false,"_monsterinsights_skip_tracking":false,"_monsterinsights_sitenote_active":false,"_monsterinsights_sitenote_note":"","_monsterinsights_sitenote_category":0,"footnotes":""},"categories":[175],"tags":[227,223],"class_list":["post-50645","post","type-post","status-publish","format-standard","has-post-thumbnail","hentry","category-local","tag-congreso","tag-puebla"],"amp_enabled":true,"_links":{"self":[{"href":"https:\/\/lahora.mx\/index.php\/wp-json\/wp\/v2\/posts\/50645","targetHints":{"allow":["GET"]}}],"collection":[{"href":"https:\/\/lahora.mx\/index.php\/wp-json\/wp\/v2\/posts"}],"about":[{"href":"https:\/\/lahora.mx\/index.php\/wp-json\/wp\/v2\/types\/post"}],"author":[{"embeddable":true,"href":"https:\/\/lahora.mx\/index.php\/wp-json\/wp\/v2\/users\/4"}],"replies":[{"embeddable":true,"href":"https:\/\/lahora.mx\/index.php\/wp-json\/wp\/v2\/comments?post=50645"}],"version-history":[{"count":1,"href":"https:\/\/lahora.mx\/index.php\/wp-json\/wp\/v2\/posts\/50645\/revisions"}],"predecessor-version":[{"id":50647,"href":"https:\/\/lahora.mx\/index.php\/wp-json\/wp\/v2\/posts\/50645\/revisions\/50647"}],"wp:featuredmedia":[{"embeddable":true,"href":"https:\/\/lahora.mx\/index.php\/wp-json\/wp\/v2\/media\/50646"}],"wp:attachment":[{"href":"https:\/\/lahora.mx\/index.php\/wp-json\/wp\/v2\/media?parent=50645"}],"wp:term":[{"taxonomy":"category","embeddable":true,"href":"https:\/\/lahora.mx\/index.php\/wp-json\/wp\/v2\/categories?post=50645"},{"taxonomy":"post_tag","embeddable":true,"href":"https:\/\/lahora.mx\/index.php\/wp-json\/wp\/v2\/tags?post=50645"}],"curies":[{"name":"wp","href":"https:\/\/api.w.org\/{rel}","templated":true}]}}