{"id":50642,"date":"2024-08-16T01:16:06","date_gmt":"2024-08-16T01:16:06","guid":{"rendered":"http:\/\/lahora.mx\/?p=50642"},"modified":"2024-08-16T01:16:06","modified_gmt":"2024-08-16T01:16:06","slug":"fge-investiga-afectaciones-tras-bloqueo-de-la-autopista-mexico-puebla","status":"publish","type":"post","link":"https:\/\/lahora.mx\/index.php\/2024\/08\/16\/fge-investiga-afectaciones-tras-bloqueo-de-la-autopista-mexico-puebla\/","title":{"rendered":"FGE investiga afectaciones tras bloqueo de la autopista M\u00e9xico-Puebla"},"content":{"rendered":"\n<p>El fiscal general de Puebla, Gilberto Higuera Bernal, dio a conocer que la Fiscal\u00eda General del Estado (FGE), la cual encabeza, as\u00ed como la Fiscal\u00eda General de la Rep\u00fablica (FGR) iniciaron las investigaciones correspondientes por el bloqueo que se suscit\u00f3 en Santa Rita Tlahuapan y el cual dur\u00f3 m\u00e1s de 48 horas.<\/p>\n\n\n\n<p>En conferencia de prensa, coment\u00f3 que si bien las personas argumentan que ejercieron su derecho o demanda leg\u00edtima, se investigan posibles delitos por el cierre de dicha v\u00eda de comunicaci\u00f3n.<br>Bloqueo y sus afectaciones<br>Fue el pasado martes 6 de agosto, pobladores de Santa Rita Tlahuapan bloquearon la autopista M\u00e9xico-Puebla, ya que exig\u00edan el pago de las tierras expropiadas para la construcci\u00f3n de la vialidad y el Parque Nacional Izta-Popo. Dicha manifestaci\u00f3n super\u00f3 las 70 horas y ocasion\u00f3 que pacientes no pudieran llegar a consulta a la Ciudad de M\u00e9xico o que la mercanc\u00eda de productores de flor se echara a perder.<br>Por tanto, el fiscal coment\u00f3 que por ello es que se investigan las afectaciones que se registraron por tal motivo.<\/p>\n\n\n\n<p>Asimismo, indic\u00f3 que si bien no le corresponde anunciarlo, la Fiscal\u00eda General de la Rep\u00fablica (FGR) tambi\u00e9n investiga lo ocurrido, espec\u00edficamente a lo que le concierne con base en su competencia.<\/p>\n\n\n\n<p>No es mi papel, ni mi funci\u00f3n, pero seguramente ser\u00e1 p\u00fablico que tambi\u00e9n la Fiscal\u00eda General de la Rep\u00fablica investiga estos hechos o lo que concierne a su competencia que es la obstrucci\u00f3n de la v\u00eda de comunicaci\u00f3n como tal<br>expuso.<\/p>\n\n\n\n<p>\u27a1\ufe0f Suscr\u00edbete a nuestro Newsletter y recibe las notas m\u00e1s relevantes en tu correo<\/p>\n\n\n\n<p>Se debe recordar que este bloqueo vial fue levantado el s\u00e1bado 10 de agosto luego de que los ejidatarios llegaron a un acuerdo con la Secretar\u00eda de Gobernaci\u00f3n estatal.<br><\/p>\n","protected":false},"excerpt":{"rendered":"<p>El fiscal general de Puebla, Gilberto Higuera Bernal, dio a conocer que la Fiscal\u00eda General del Estado (FGE), la cual encabeza, as\u00ed como la Fiscal\u00eda General de la Rep\u00fablica (FGR) iniciaron las investigaciones correspondientes por el bloqueo que se suscit\u00f3 en Santa Rita Tlahuapan y el cual dur\u00f3 m\u00e1s de 48 horas. En conferencia de [&hellip;]<\/p>\n","protected":false},"author":4,"featured_media":50643,"comment_status":"open","ping_status":"open","sticky":false,"template":"","format":"standard","meta":{"om_disable_all_campaigns":false,"_monsterinsights_skip_tracking":false,"_monsterinsights_sitenote_active":false,"_monsterinsights_sitenote_note":"","_monsterinsights_sitenote_category":0,"footnotes":""},"categories":[175],"tags":[223],"class_list":["post-50642","post","type-post","status-publish","format-standard","has-post-thumbnail","hentry","category-local","tag-puebla"],"amp_enabled":true,"_links":{"self":[{"href":"https:\/\/lahora.mx\/index.php\/wp-json\/wp\/v2\/posts\/50642","targetHints":{"allow":["GET"]}}],"collection":[{"href":"https:\/\/lahora.mx\/index.php\/wp-json\/wp\/v2\/posts"}],"about":[{"href":"https:\/\/lahora.mx\/index.php\/wp-json\/wp\/v2\/types\/post"}],"author":[{"embeddable":true,"href":"https:\/\/lahora.mx\/index.php\/wp-json\/wp\/v2\/users\/4"}],"replies":[{"embeddable":true,"href":"https:\/\/lahora.mx\/index.php\/wp-json\/wp\/v2\/comments?post=50642"}],"version-history":[{"count":1,"href":"https:\/\/lahora.mx\/index.php\/wp-json\/wp\/v2\/posts\/50642\/revisions"}],"predecessor-version":[{"id":50644,"href":"https:\/\/lahora.mx\/index.php\/wp-json\/wp\/v2\/posts\/50642\/revisions\/50644"}],"wp:featuredmedia":[{"embeddable":true,"href":"https:\/\/lahora.mx\/index.php\/wp-json\/wp\/v2\/media\/50643"}],"wp:attachment":[{"href":"https:\/\/lahora.mx\/index.php\/wp-json\/wp\/v2\/media?parent=50642"}],"wp:term":[{"taxonomy":"category","embeddable":true,"href":"https:\/\/lahora.mx\/index.php\/wp-json\/wp\/v2\/categories?post=50642"},{"taxonomy":"post_tag","embeddable":true,"href":"https:\/\/lahora.mx\/index.php\/wp-json\/wp\/v2\/tags?post=50642"}],"curies":[{"name":"wp","href":"https:\/\/api.w.org\/{rel}","templated":true}]}}