{"id":50573,"date":"2024-08-14T20:51:16","date_gmt":"2024-08-14T20:51:16","guid":{"rendered":"http:\/\/lahora.mx\/?p=50573"},"modified":"2024-08-14T20:51:17","modified_gmt":"2024-08-14T20:51:17","slug":"1-mdp-a-dif-puebla-para-rehabilitacion-de-personas-con-discapacidad","status":"publish","type":"post","link":"https:\/\/lahora.mx\/index.php\/2024\/08\/14\/1-mdp-a-dif-puebla-para-rehabilitacion-de-personas-con-discapacidad\/","title":{"rendered":"1 mdp a DIF Puebla para rehabilitaci\u00f3n de personas con discapacidad"},"content":{"rendered":"\n<p>La Federaci\u00f3n entregar\u00e1 un mill\u00f3n 177 mil 780.41 pesos al Sistema para el Desarrollo Integral de la Familia del estado de Puebla (SEDIF) para el Programa de Atenci\u00f3n a Personas con Discapacidad.<\/p>\n\n\n\n<p>El pago corresponde al Ejercicio Fiscal 2024 y se destinar\u00e1 al equipamiento de centros de rehabilitaci\u00f3n, de acuerdo con el convenio publicado en el Diario Oficial de la Federaci\u00f3n (DOF).<\/p>\n\n\n\n<p>Los recursos servir\u00e1n para detallar los procedimientos de coordinaci\u00f3n para dotar de equipo a cuatro centros de rehabilitaci\u00f3n y siete unidades b\u00e1sicas de rehabilitaci\u00f3n.<\/p>\n\n\n\n<p>Aunque monto es de un mill\u00f3n 177 mil 780.41 pesos la cifra variar\u00eda por la disponibilidad presupuestaria de la Federaci\u00f3n; ser\u00e1 obligaci\u00f3n de ambos organismos hacer las adecuaciones pertinentes.<\/p>\n\n\n\n<p>La transferencia del recurso ser\u00e1 en una sola exhibici\u00f3n y con car\u00e1cter de subsidio por el DIF Nacional, para la ejecuci\u00f3n del programa referido en la entidad poblana.<\/p>\n\n\n\n<p>SI bien la aportaci\u00f3n quedar\u00e1 a cargo del DIF Nacional; la administraci\u00f3n, aplicaci\u00f3n, informaci\u00f3n, as\u00ed como la comprobaci\u00f3n de la aplicaci\u00f3n del subsidio ser\u00e1 vigilado por la dependencia estatal.<\/p>\n\n\n\n<p>De acuerdo con el convenio, el programa busca contribuir al desarrollo integral de las personas con discapacidad para fomentar su inclusi\u00f3n al mercado laboral y a la din\u00e1mica social.<\/p>\n","protected":false},"excerpt":{"rendered":"<p>La Federaci\u00f3n entregar\u00e1 un mill\u00f3n 177 mil 780.41 pesos al Sistema para el Desarrollo Integral de la Familia del estado de Puebla (SEDIF) para el Programa de Atenci\u00f3n a Personas con Discapacidad. El pago corresponde al Ejercicio Fiscal 2024 y se destinar\u00e1 al equipamiento de centros de rehabilitaci\u00f3n, de acuerdo con el convenio publicado en [&hellip;]<\/p>\n","protected":false},"author":4,"featured_media":50574,"comment_status":"open","ping_status":"open","sticky":false,"template":"","format":"standard","meta":{"om_disable_all_campaigns":false,"_monsterinsights_skip_tracking":false,"_monsterinsights_sitenote_active":false,"_monsterinsights_sitenote_note":"","_monsterinsights_sitenote_category":0,"footnotes":""},"categories":[175],"tags":[223],"class_list":["post-50573","post","type-post","status-publish","format-standard","has-post-thumbnail","hentry","category-local","tag-puebla"],"amp_enabled":true,"_links":{"self":[{"href":"https:\/\/lahora.mx\/index.php\/wp-json\/wp\/v2\/posts\/50573","targetHints":{"allow":["GET"]}}],"collection":[{"href":"https:\/\/lahora.mx\/index.php\/wp-json\/wp\/v2\/posts"}],"about":[{"href":"https:\/\/lahora.mx\/index.php\/wp-json\/wp\/v2\/types\/post"}],"author":[{"embeddable":true,"href":"https:\/\/lahora.mx\/index.php\/wp-json\/wp\/v2\/users\/4"}],"replies":[{"embeddable":true,"href":"https:\/\/lahora.mx\/index.php\/wp-json\/wp\/v2\/comments?post=50573"}],"version-history":[{"count":1,"href":"https:\/\/lahora.mx\/index.php\/wp-json\/wp\/v2\/posts\/50573\/revisions"}],"predecessor-version":[{"id":50575,"href":"https:\/\/lahora.mx\/index.php\/wp-json\/wp\/v2\/posts\/50573\/revisions\/50575"}],"wp:featuredmedia":[{"embeddable":true,"href":"https:\/\/lahora.mx\/index.php\/wp-json\/wp\/v2\/media\/50574"}],"wp:attachment":[{"href":"https:\/\/lahora.mx\/index.php\/wp-json\/wp\/v2\/media?parent=50573"}],"wp:term":[{"taxonomy":"category","embeddable":true,"href":"https:\/\/lahora.mx\/index.php\/wp-json\/wp\/v2\/categories?post=50573"},{"taxonomy":"post_tag","embeddable":true,"href":"https:\/\/lahora.mx\/index.php\/wp-json\/wp\/v2\/tags?post=50573"}],"curies":[{"name":"wp","href":"https:\/\/api.w.org\/{rel}","templated":true}]}}