{"id":50570,"date":"2024-08-14T20:02:41","date_gmt":"2024-08-14T20:02:41","guid":{"rendered":"http:\/\/lahora.mx\/?p=50570"},"modified":"2024-08-14T20:02:41","modified_gmt":"2024-08-14T20:02:41","slug":"aun-no-hay-acuerdo-en-la-revision-contractual-en-vw","status":"publish","type":"post","link":"https:\/\/lahora.mx\/index.php\/2024\/08\/14\/aun-no-hay-acuerdo-en-la-revision-contractual-en-vw\/","title":{"rendered":"A\u00fan no hay acuerdo en la revisi\u00f3n contractual en VW"},"content":{"rendered":"\n<p>Hasta este 14 de agosto, y a cuatro d\u00edas del estallamiento a huelga en la armadora Volkswagen, el secretario general del SITIAVW, Hugo Tlalpan, confirm\u00f3 que no hay ning\u00fan tipo de acuerdo ni porcentaje de incremento salarial respecto a la revisi\u00f3n contractual con la planta.<\/p>\n\n\n\n<p>A trav\u00e9s de un video, invit\u00f3 a sus agremiados a estar al tanto de los canales oficiales del Sindicato Independiente de Trabajadores Volkswagen de M\u00e9xico (SITIAVW) para conocer a detalle la informaci\u00f3n respecto a la revisi\u00f3n contractual de este a\u00f1o.<\/p>\n\n\n\n<p>Incluso, se comprometi\u00f3 a dar personalmente la informaci\u00f3n de c\u00f3mo quedaron los t\u00e9rminos y acuerdos de la revisi\u00f3n contractual a los trabajadores del sindicato para que no haya desinformaci\u00f3n.<\/p>\n\n\n\n<p>Asegur\u00f3 que al d\u00eda de hoy no hay ning\u00fan tipo de acuerdo entre empresa y sindicato respecto a la negociaci\u00f3n, ni se ha acordado el porcentaje de aumento salarial, el cual circul\u00f3 en medios de comunicaci\u00f3n que presuntamente ser\u00eda de 11 por ciento, entre el incremento al salario y prestaciones.<\/p>\n\n\n\n<p>\u201cHasta este momento no hay ning\u00fan acuerdo establecido, no hay ning\u00fan porcentaje acordado. Claro es que ya estamos en el aspecto econ\u00f3mico, sin embargo, nosotros como parte integrante de la Comisi\u00f3n Revisora no tenemos todav\u00eda acordado algo\u201d, explic\u00f3.<\/p>\n\n\n\n<p>El dirigente sindical reiter\u00f3 el llamado a que haya responsabilidad de los agremiados para que hagan caso omiso de la informaci\u00f3n que ha circulado, pues la \u00fanica oficial ser\u00e1 la que el sindicato d\u00e9 a conocer.<\/p>\n\n\n\n<p>\u201cEn cuanto surja alguna informaci\u00f3n, nosotros con mucho gusto se las estaremos compartiendo. En este momento el llamado es para que hagamos caso omiso respecto al proceso. Me comprometo a dar la informaci\u00f3n precisa en su momento\u201d, afirm\u00f3.<\/p>\n\n\n\n<p>Cabe se\u00f1alar que gran parte de los trabajadores de la planta han mostrado su descontento sobre la falta de informaci\u00f3n en torno al proceso, pues hasta hoy, a trav\u00e9s de un video, se dio a conocer el tema.<\/p>\n","protected":false},"excerpt":{"rendered":"<p>Hasta este 14 de agosto, y a cuatro d\u00edas del estallamiento a huelga en la armadora Volkswagen, el secretario general del SITIAVW, Hugo Tlalpan, confirm\u00f3 que no hay ning\u00fan tipo de acuerdo ni porcentaje de incremento salarial respecto a la revisi\u00f3n contractual con la planta. A trav\u00e9s de un video, invit\u00f3 a sus agremiados a [&hellip;]<\/p>\n","protected":false},"author":4,"featured_media":50571,"comment_status":"open","ping_status":"open","sticky":false,"template":"","format":"standard","meta":{"om_disable_all_campaigns":false,"_monsterinsights_skip_tracking":false,"_monsterinsights_sitenote_active":false,"_monsterinsights_sitenote_note":"","_monsterinsights_sitenote_category":0,"footnotes":""},"categories":[175],"tags":[195,223],"class_list":["post-50570","post","type-post","status-publish","format-standard","has-post-thumbnail","hentry","category-local","tag-principal","tag-puebla"],"amp_enabled":true,"_links":{"self":[{"href":"https:\/\/lahora.mx\/index.php\/wp-json\/wp\/v2\/posts\/50570","targetHints":{"allow":["GET"]}}],"collection":[{"href":"https:\/\/lahora.mx\/index.php\/wp-json\/wp\/v2\/posts"}],"about":[{"href":"https:\/\/lahora.mx\/index.php\/wp-json\/wp\/v2\/types\/post"}],"author":[{"embeddable":true,"href":"https:\/\/lahora.mx\/index.php\/wp-json\/wp\/v2\/users\/4"}],"replies":[{"embeddable":true,"href":"https:\/\/lahora.mx\/index.php\/wp-json\/wp\/v2\/comments?post=50570"}],"version-history":[{"count":1,"href":"https:\/\/lahora.mx\/index.php\/wp-json\/wp\/v2\/posts\/50570\/revisions"}],"predecessor-version":[{"id":50572,"href":"https:\/\/lahora.mx\/index.php\/wp-json\/wp\/v2\/posts\/50570\/revisions\/50572"}],"wp:featuredmedia":[{"embeddable":true,"href":"https:\/\/lahora.mx\/index.php\/wp-json\/wp\/v2\/media\/50571"}],"wp:attachment":[{"href":"https:\/\/lahora.mx\/index.php\/wp-json\/wp\/v2\/media?parent=50570"}],"wp:term":[{"taxonomy":"category","embeddable":true,"href":"https:\/\/lahora.mx\/index.php\/wp-json\/wp\/v2\/categories?post=50570"},{"taxonomy":"post_tag","embeddable":true,"href":"https:\/\/lahora.mx\/index.php\/wp-json\/wp\/v2\/tags?post=50570"}],"curies":[{"name":"wp","href":"https:\/\/api.w.org\/{rel}","templated":true}]}}