{"id":50564,"date":"2024-08-14T19:42:20","date_gmt":"2024-08-14T19:42:20","guid":{"rendered":"http:\/\/lahora.mx\/?p=50564"},"modified":"2024-08-14T19:42:20","modified_gmt":"2024-08-14T19:42:20","slug":"protestas-de-ambulantes-no-afectaran-al-turismo-en-puebla-menciona-el-secretario-de-turismo-alejandro-canedo","status":"publish","type":"post","link":"https:\/\/lahora.mx\/index.php\/2024\/08\/14\/protestas-de-ambulantes-no-afectaran-al-turismo-en-puebla-menciona-el-secretario-de-turismo-alejandro-canedo\/","title":{"rendered":"Protestas de ambulantes no afectar\u00e1n al turismo en Puebla menciona el secretario de turismo Alejandro Ca\u00f1edo"},"content":{"rendered":"\n<p>Las protestas de vendedores ambulantes que ocurran en Puebla durante la temporada alta no ser\u00e1n inconveniente para visitantes extranjeros, se\u00f1al\u00f3 hoy Alejandro Ca\u00f1edo, secretario de Turismo municipal.<\/p>\n\n\n\n<p>Indic\u00f3 que los turistas ven las manifestaciones como algo que sucede en cualquier ciudad del mundo, por lo que si suceden en el Centro Hist\u00f3rico (CH) simplemente las evitar\u00e1n.<\/p>\n\n\n\n<p>\u00abComprenden lo que sucede en las calles cuando hay protestas, sencillamente pasan por otro lugar (\u2026) saben que es normal que haya estas situaciones\u201d, indic\u00f3.<br>Por ello es que Alejandro Ca\u00f1edo descart\u00f3 que si se dan marchas de comerciantes ambulantes estas proyecten una mala imagen de la ciudad a los turistas.<\/p>\n\n\n\n<p>Sostuvo que la Secretar\u00eda de Gobernaci\u00f3n municipal (Segom) se encarga del asunto, por lo que \u00e9l y la dependencia a su cargo no est\u00e1n involucrados directamente.<\/p>\n\n\n\n<p>Locatarios del CH no levantaron quejas por ri\u00f1as de ambulantes<br>Refiri\u00f3 que los locatarios del CH que cerraron sus cortinas ayer en la 5 de Mayo y la 8 Oriente, por los altercados entre ambulantes y autoridades, no han expresado quejas.<br>Esto respecto al operativo de ayer contra ambulantes de la Segom y la Secretar\u00eda de Seguridad Ciudadana, que termin\u00f3 en ri\u00f1a.<\/p>\n\n\n\n<p>A pesar de los operativos y las advertencias sobre su instalaci\u00f3n, los comerciantes s\u00ed se colocaron en la zona, raz\u00f3n que desat\u00f3 el movimiento.<\/p>\n\n\n\n<p>Mart\u00edn Ju\u00e1rez, l\u00edder de ambulantes, dijo que si no logran acuerdos se reinstalar\u00e1n por la fuerza en el Centro Hist\u00f3rico, ya que tienen m\u00e1s de una semana sin trabajar.<\/p>\n","protected":false},"excerpt":{"rendered":"<p>Las protestas de vendedores ambulantes que ocurran en Puebla durante la temporada alta no ser\u00e1n inconveniente para visitantes extranjeros, se\u00f1al\u00f3 hoy Alejandro Ca\u00f1edo, secretario de Turismo municipal. Indic\u00f3 que los turistas ven las manifestaciones como algo que sucede en cualquier ciudad del mundo, por lo que si suceden en el Centro Hist\u00f3rico (CH) simplemente las [&hellip;]<\/p>\n","protected":false},"author":4,"featured_media":50565,"comment_status":"open","ping_status":"open","sticky":false,"template":"","format":"standard","meta":{"om_disable_all_campaigns":false,"_monsterinsights_skip_tracking":false,"_monsterinsights_sitenote_active":false,"_monsterinsights_sitenote_note":"","_monsterinsights_sitenote_category":0,"footnotes":""},"categories":[175],"tags":[223],"class_list":["post-50564","post","type-post","status-publish","format-standard","has-post-thumbnail","hentry","category-local","tag-puebla"],"amp_enabled":true,"_links":{"self":[{"href":"https:\/\/lahora.mx\/index.php\/wp-json\/wp\/v2\/posts\/50564","targetHints":{"allow":["GET"]}}],"collection":[{"href":"https:\/\/lahora.mx\/index.php\/wp-json\/wp\/v2\/posts"}],"about":[{"href":"https:\/\/lahora.mx\/index.php\/wp-json\/wp\/v2\/types\/post"}],"author":[{"embeddable":true,"href":"https:\/\/lahora.mx\/index.php\/wp-json\/wp\/v2\/users\/4"}],"replies":[{"embeddable":true,"href":"https:\/\/lahora.mx\/index.php\/wp-json\/wp\/v2\/comments?post=50564"}],"version-history":[{"count":1,"href":"https:\/\/lahora.mx\/index.php\/wp-json\/wp\/v2\/posts\/50564\/revisions"}],"predecessor-version":[{"id":50566,"href":"https:\/\/lahora.mx\/index.php\/wp-json\/wp\/v2\/posts\/50564\/revisions\/50566"}],"wp:featuredmedia":[{"embeddable":true,"href":"https:\/\/lahora.mx\/index.php\/wp-json\/wp\/v2\/media\/50565"}],"wp:attachment":[{"href":"https:\/\/lahora.mx\/index.php\/wp-json\/wp\/v2\/media?parent=50564"}],"wp:term":[{"taxonomy":"category","embeddable":true,"href":"https:\/\/lahora.mx\/index.php\/wp-json\/wp\/v2\/categories?post=50564"},{"taxonomy":"post_tag","embeddable":true,"href":"https:\/\/lahora.mx\/index.php\/wp-json\/wp\/v2\/tags?post=50564"}],"curies":[{"name":"wp","href":"https:\/\/api.w.org\/{rel}","templated":true}]}}