{"id":50560,"date":"2024-08-14T15:52:56","date_gmt":"2024-08-14T15:52:56","guid":{"rendered":"http:\/\/lahora.mx\/?p=50560"},"modified":"2024-08-14T15:52:57","modified_gmt":"2024-08-14T15:52:57","slug":"poblana-participa-en-internado-en-acelerador-de-particulas","status":"publish","type":"post","link":"https:\/\/lahora.mx\/index.php\/2024\/08\/14\/poblana-participa-en-internado-en-acelerador-de-particulas\/","title":{"rendered":"Poblana participa en internado en acelerador de part\u00edculas"},"content":{"rendered":"\n<p>Arantxa Cepeda Lestrade, profesora de ciencias de educaci\u00f3n media superior en Puebla, fue la \u00fanica mexicana seleccionada entre m\u00e1s de 3 mil aspirantes provenientes de diferentes pa\u00edses para ser parte del internado para la investigaci\u00f3n F\u00edsica de Part\u00edculas en la Organizaci\u00f3n Europea para la Investigaci\u00f3n Nuclear (CERN, por sus siglas en franc\u00e9s), con sede en Ginebra, Suiza.<\/p>\n\n\n\n<p>Se trat\u00f3 de un curso cient\u00edfico que atrae a los perfiles m\u00e1s destacados a nivel mundial. Durante su estancia, pueden asistir a conferencias en las que expertos y cient\u00edficos de todo el mundo comparten sus conocimientos en los campos de la f\u00edsica de part\u00edculas te\u00f3rica y experimental, la ingenier\u00eda e inform\u00e1tica.<\/p>\n\n\n\n<p>Arantxa Cepeda: poblana participa en internado en acelerador de part\u00edculas<br>En entrevista para e-consulta, Cepeda Lestrade comparti\u00f3 que su sue\u00f1o se cumpli\u00f3 despu\u00e9s de 12 a\u00f1os. Cuando se encontraba trabajando en un laboratorio de Altas Energ\u00edas en Estados Unidos, se visualiz\u00f3 estudiando la maestr\u00eda o el doctorado en el CERN, pero las circunstancias la llevaron convertirse en docente y seguir prepar\u00e1ndose en la f\u00edsica.<\/p>\n\n\n\n<p>\u201cNo pens\u00e9 la verdad que pudiera ser (\u2026) ahorita que te estoy contando se me pone la piel chinita, porque digo \u2018no manches\u2019 un sue\u00f1o que ten\u00eda hace 12 a\u00f1os, pues no fui ni como trabajadora, ni como estudiante, ni nada, fui como maestra a aprender y ahora tratar de impactar a mis alumnos.<\/p>\n\n\n\n<p>Entonces creo que si algo te podr\u00eda compartir es que a veces los sue\u00f1os y los objetivos no pasan como uno espera que vayan a pasar, a lo mejor en vez de pasar en 2 a\u00f1os pasan en 12, qu\u00e9 fue lo que me pas\u00f3 a m\u00ed, pero al final el hecho de que te hagas mam\u00e1 y que tengas familia de pronto s\u00ed pone la situaci\u00f3n un poco m\u00e1s complicada, pero teniendo el sistema de apoyo necesario se pueden llegar a cumplir metas que uno ya no ten\u00eda ni siquiera presente en la cabeza\u201d, expres\u00f3 la maestra del Colegio Americano.<\/p>\n\n\n\n<p>En enero aplic\u00f3 para curso del CERN en Suiza<br>La docente mencion\u00f3 que en enero de este a\u00f1o aplic\u00f3 para un curso de f\u00edsica en donde m\u00e1s de 3 mil profesores de su ramo de todo el mundo participaron, sin embargo, s\u00f3lo 44 maestros de f\u00edsica de nivel preparatoria fueron elegidos, representando a 38 pa\u00edses diferentes (Bangladesh, Vietnam, Australia, B\u00e9lgica, Austria, Estados Unidos).<\/p>\n\n\n\n<p><\/p>\n\n\n\n<p>Explic\u00f3 que durante el proceso le pidieron contestar preguntas sobre sus habilidades y experiencia, adem\u00e1s de que entreg\u00f3 un video hablando sobre ella.<\/p>\n\n\n\n<p>Arantxa Cepeda: poblana participa en internado en acelerador de part\u00edculas<br>Cepeda Lastrade mencion\u00f3 que en abril recibi\u00f3 la noticia de que hab\u00eda sido seleccionada para ingresar al internado en el CERN, el cual se llev\u00f3 a cabo del 30 de junio al 13 de julio del 2024, y abord\u00f3 temas relacionados con la difusi\u00f3n de la investigaci\u00f3n nuclear, la generaci\u00f3n de part\u00edculas de materia en el universo y el futuro de la f\u00edsica nuclear y de part\u00edculas.<\/p>\n\n\n\n<p>\u201cDe Latinoam\u00e9rica \u00e9ramos 5 personas, 2 de Brasil, una de Puerto Rico, Guatemala y M\u00e9xico. Tratan de buscar grupos equilibrados con 50 hombres y 50 mujeres y escogieron a los que m\u00e1s iban aprovechar el programa (\u2026) Lo que hicimos fue estar dos semanas internados para tomar pl\u00e1ticas con el director de ingenier\u00eda y aceleradores, y el chiste es que ellos invierten en los profesores para que nosotros regresemos con nuestros alumnos, platicarles de la experiencia, de la f\u00edsica de part\u00edculas, a ser embajadores de lo que hace el CERN e invitar a otros maestros y poner nuestro granito de arena con respecto a la investigaci\u00f3n fundamental\u201d, declar\u00f3.<\/p>\n\n\n\n<p>Arantxa Cepeda se\u00f1al\u00f3 que el estar en el lugar donde se hizo el descubrimiento del bos\u00f3n de Higgs, la famosa \u201cpart\u00edcula de Dios\u201d, fue algo incre\u00edble sobre todo porque el objetivo de este proyecto fue aportarles informaci\u00f3n que ser\u00e1 crucial para el futuro de la f\u00edsica de part\u00edculas.<\/p>\n\n\n\n<p>Arantxa Cepeda: poblana participa en internado en acelerador de part\u00edculas<br>Coment\u00f3 que ahora la finalidad es \u2018contagiar\u2019 a la gente de que el CERN no es ese \u201clugar inalcanzable o imposible\u201d, sino que es un espacio en donde se hace ciencia abierta para todos, en el que pueden ir personas de todo el mundo a aprender, trabajar o estudiar pues sigue haciendo hace falta m\u00e1s capital humano en la ciencia.<\/p>\n\n\n\n<p>Se\u00f1al\u00f3 que el siguiente paso fue armar un programa para chicos de preparatoria de M\u00e9xico e enviarlo al CERN, con el objetivo de que se los lleven dos semanas el siguiente verano.<\/p>\n","protected":false},"excerpt":{"rendered":"<p>Arantxa Cepeda Lestrade, profesora de ciencias de educaci\u00f3n media superior en Puebla, fue la \u00fanica mexicana seleccionada entre m\u00e1s de 3 mil aspirantes provenientes de diferentes pa\u00edses para ser parte del internado para la investigaci\u00f3n F\u00edsica de Part\u00edculas en la Organizaci\u00f3n Europea para la Investigaci\u00f3n Nuclear (CERN, por sus siglas en franc\u00e9s), con sede en [&hellip;]<\/p>\n","protected":false},"author":4,"featured_media":50561,"comment_status":"open","ping_status":"open","sticky":false,"template":"","format":"standard","meta":{"om_disable_all_campaigns":false,"_monsterinsights_skip_tracking":false,"_monsterinsights_sitenote_active":false,"_monsterinsights_sitenote_note":"","_monsterinsights_sitenote_category":0,"footnotes":""},"categories":[175],"tags":[223],"class_list":["post-50560","post","type-post","status-publish","format-standard","has-post-thumbnail","hentry","category-local","tag-puebla"],"amp_enabled":true,"_links":{"self":[{"href":"https:\/\/lahora.mx\/index.php\/wp-json\/wp\/v2\/posts\/50560","targetHints":{"allow":["GET"]}}],"collection":[{"href":"https:\/\/lahora.mx\/index.php\/wp-json\/wp\/v2\/posts"}],"about":[{"href":"https:\/\/lahora.mx\/index.php\/wp-json\/wp\/v2\/types\/post"}],"author":[{"embeddable":true,"href":"https:\/\/lahora.mx\/index.php\/wp-json\/wp\/v2\/users\/4"}],"replies":[{"embeddable":true,"href":"https:\/\/lahora.mx\/index.php\/wp-json\/wp\/v2\/comments?post=50560"}],"version-history":[{"count":1,"href":"https:\/\/lahora.mx\/index.php\/wp-json\/wp\/v2\/posts\/50560\/revisions"}],"predecessor-version":[{"id":50562,"href":"https:\/\/lahora.mx\/index.php\/wp-json\/wp\/v2\/posts\/50560\/revisions\/50562"}],"wp:featuredmedia":[{"embeddable":true,"href":"https:\/\/lahora.mx\/index.php\/wp-json\/wp\/v2\/media\/50561"}],"wp:attachment":[{"href":"https:\/\/lahora.mx\/index.php\/wp-json\/wp\/v2\/media?parent=50560"}],"wp:term":[{"taxonomy":"category","embeddable":true,"href":"https:\/\/lahora.mx\/index.php\/wp-json\/wp\/v2\/categories?post=50560"},{"taxonomy":"post_tag","embeddable":true,"href":"https:\/\/lahora.mx\/index.php\/wp-json\/wp\/v2\/tags?post=50560"}],"curies":[{"name":"wp","href":"https:\/\/api.w.org\/{rel}","templated":true}]}}