{"id":50556,"date":"2024-08-14T15:42:53","date_gmt":"2024-08-14T15:42:53","guid":{"rendered":"http:\/\/lahora.mx\/?p=50556"},"modified":"2024-08-14T15:42:53","modified_gmt":"2024-08-14T15:42:53","slug":"mario-marin-llega-a-su-casa-de-xilotzingo-puebla","status":"publish","type":"post","link":"https:\/\/lahora.mx\/index.php\/2024\/08\/14\/mario-marin-llega-a-su-casa-de-xilotzingo-puebla\/","title":{"rendered":"Mario Mar\u00edn llega a su casa de Xilotzingo, Puebla"},"content":{"rendered":"\n<p>En la parte trasera de una ambulancia de la Guardia Nacional y escoltado por tres patrullas de la misma corporaci\u00f3n lleg\u00f3 el exgobernador de Puebla, Mario Mar\u00edn Torres, a su casa de Xilotzingo.<\/p>\n\n\n\n<p>A las 3:57 horas de hoy el convoy que sali\u00f3 anoche del penal del Altiplano, donde estaba recluido, arrib\u00f3 al Residencial San \u00c1ngel, propiedad del exmandatario, donde cursar\u00e1 en prisi\u00f3n domiciliaria el proceso en su contra por el delito de tortura a la periodista Lydia Cacho.<\/p>\n\n\n\n<p>Mario Mar\u00edn sali\u00f3 del penal del Altiplano, en el Estado de M\u00e9xico, a las 23:30 horas del martes, luego de que el s\u00e1bado una jueza de Quintana Roo orden\u00f3 la liberaci\u00f3n del exgobernador de Puebla.<br>Esta decisi\u00f3n fue parte del cambio de medidas cautelares para Mar\u00edn, que incluyen la portaci\u00f3n de un brazalete electr\u00f3nico, la prohibici\u00f3n de salir del pa\u00eds y el pago de una fianza de 100 mil pesos.<\/p>\n\n\n\n<p>A su llegada a su casa de Xilotzingo, el exgobernador de Puebla ingres\u00f3 a su residencia a bordo de la ambulancia, unos 20 minutos despu\u00e9s le siguieron las tres patrullas del convoy y minutos m\u00e1s tarde cuatro autos particulares, al parecer de familiares y allegados a Mario Mar\u00edn.<\/p>\n","protected":false},"excerpt":{"rendered":"<p>En la parte trasera de una ambulancia de la Guardia Nacional y escoltado por tres patrullas de la misma corporaci\u00f3n lleg\u00f3 el exgobernador de Puebla, Mario Mar\u00edn Torres, a su casa de Xilotzingo. A las 3:57 horas de hoy el convoy que sali\u00f3 anoche del penal del Altiplano, donde estaba recluido, arrib\u00f3 al Residencial San [&hellip;]<\/p>\n","protected":false},"author":4,"featured_media":50558,"comment_status":"open","ping_status":"open","sticky":false,"template":"","format":"standard","meta":{"om_disable_all_campaigns":false,"_monsterinsights_skip_tracking":false,"_monsterinsights_sitenote_active":false,"_monsterinsights_sitenote_note":"","_monsterinsights_sitenote_category":0,"footnotes":""},"categories":[175],"tags":[195,223],"class_list":["post-50556","post","type-post","status-publish","format-standard","has-post-thumbnail","hentry","category-local","tag-principal","tag-puebla"],"amp_enabled":true,"_links":{"self":[{"href":"https:\/\/lahora.mx\/index.php\/wp-json\/wp\/v2\/posts\/50556","targetHints":{"allow":["GET"]}}],"collection":[{"href":"https:\/\/lahora.mx\/index.php\/wp-json\/wp\/v2\/posts"}],"about":[{"href":"https:\/\/lahora.mx\/index.php\/wp-json\/wp\/v2\/types\/post"}],"author":[{"embeddable":true,"href":"https:\/\/lahora.mx\/index.php\/wp-json\/wp\/v2\/users\/4"}],"replies":[{"embeddable":true,"href":"https:\/\/lahora.mx\/index.php\/wp-json\/wp\/v2\/comments?post=50556"}],"version-history":[{"count":1,"href":"https:\/\/lahora.mx\/index.php\/wp-json\/wp\/v2\/posts\/50556\/revisions"}],"predecessor-version":[{"id":50559,"href":"https:\/\/lahora.mx\/index.php\/wp-json\/wp\/v2\/posts\/50556\/revisions\/50559"}],"wp:featuredmedia":[{"embeddable":true,"href":"https:\/\/lahora.mx\/index.php\/wp-json\/wp\/v2\/media\/50558"}],"wp:attachment":[{"href":"https:\/\/lahora.mx\/index.php\/wp-json\/wp\/v2\/media?parent=50556"}],"wp:term":[{"taxonomy":"category","embeddable":true,"href":"https:\/\/lahora.mx\/index.php\/wp-json\/wp\/v2\/categories?post=50556"},{"taxonomy":"post_tag","embeddable":true,"href":"https:\/\/lahora.mx\/index.php\/wp-json\/wp\/v2\/tags?post=50556"}],"curies":[{"name":"wp","href":"https:\/\/api.w.org\/{rel}","templated":true}]}}