{"id":50547,"date":"2024-08-14T00:24:43","date_gmt":"2024-08-14T00:24:43","guid":{"rendered":"http:\/\/lahora.mx\/?p=50547"},"modified":"2024-08-14T00:24:43","modified_gmt":"2024-08-14T00:24:43","slug":"imss-bienestar-puebla-aun-falta-basificar-a-mas-de-2-mil-900-personas","status":"publish","type":"post","link":"https:\/\/lahora.mx\/index.php\/2024\/08\/14\/imss-bienestar-puebla-aun-falta-basificar-a-mas-de-2-mil-900-personas\/","title":{"rendered":"IMSS Bienestar Puebla: aun falta basificar a m\u00e1s de 2 mil 900 personas"},"content":{"rendered":"\n<p>En el estado de Puebla sigue pendiente la basificaci\u00f3n de 2 mil 960 m\u00e9dicos y enfermeras que tienen un contrato precario y han cumplido con los requisitos solicitados por la Federaci\u00f3n para ser incluidas en el modelo IMSS-Bienestar, lo que ha derivado en una serie de manifestaciones por parte del personal de salud en varios puntos de la entidad.<\/p>\n\n\n\n<p>As\u00ed lo asegur\u00f3 Miguel \u00c1ngel Uriarte Serrano, presidente del Movimiento de Trabajadores de los Servicios de Salud (Motrasesa), quien se\u00f1al\u00f3 que hay incertidumbre sobre la entrega de plazas, pues no existe una fecha l\u00edmite para la conclusi\u00f3n del proceso.<\/p>\n\n\n\n<p>En entrevista con e-consulta se\u00f1al\u00f3 que los criterios de contrataci\u00f3n han sido opacos, pues la entrega de espacios se ha realizado sin tomar en cuenta la trayectoria del personal m\u00e9dico. Indic\u00f3 que hay m\u00e9dicos y enfermeras eventuales que llevan m\u00e1s de 10 a\u00f1os laborando en instituciones p\u00fablicas y perciben sueldos que no rebasan los 6 mil pesos mensuales.<\/p>\n\n\n\n<p>\u201cNosotros pretendemos que todos los compa\u00f1eros tengan estabilidad laboral, pues como siempre lo hemos dicho, somos un personal de salud que tenemos sueldos de hambre, sueldos que no merecemos\u201d, coment\u00f3 el tambi\u00e9n m\u00e9dico.<br>Se\u00f1al\u00f3 que en caso de ser incluidos en el IMSS-Bienestar el personal de salud podr\u00eda duplicar sus ingresos, algo que mejorar\u00eda su calidad de vida; asimismo, contar\u00edan con las prestaciones que les han sido negadas por ser personal eventual.<\/p>\n\n\n\n<p>Coment\u00f3 que aunque la secretaria de Salud, Araceli Soria C\u00f3rdoba, se\u00f1al\u00f3 que todo el personal m\u00e9dico con un contrato precario ser\u00e1 basificado no les han informado cuando concluir\u00e1n las etapas de contrataci\u00f3n. Adem\u00e1s, existe personal administrativo que tambi\u00e9n desea tener certeza laboral.<\/p>\n\n\n\n<p>\u201cSabemos que faltan m\u00e1s etapas, s\u00ed efectivamente, pero est\u00e1 la incertidumbre de los compa\u00f1eros, si en realidad van a ser tomados en cuenta porque no fueron llamados en las primeras etapas de basificaci\u00f3n (\u2026) Queremos que nos den fechas para evitar la incertidumbre, porque que puedan basificarse todos pues probablemente s\u00ed, \u00bfpero cu\u00e1ndo?, ese es el problema\u201d, detall\u00f3.<\/p>\n\n\n\n<p>Miguel \u00c1ngel Uriarte Serrano se\u00f1al\u00f3 que luego de la movilizaci\u00f3n que realizaron el lunes 13 de agosto se logr\u00f3 un acercamiento con autoridades estatales y federales, quienes prometieron que se realizar\u00e1n mesas de trabajo de forma mensual para informar sobre el estatus de contrataci\u00f3n.<br>El primer informe se entregar\u00e1 el 19 de septiembre, cuando se realice la pr\u00f3xima reuni\u00f3n; sin embargo, en caso de que se cancele o no les entreguen informaci\u00f3n de valor volver\u00e1n a manifestarse, por lo que confi\u00f3 en el gobierno estatal para que esto no pase.<\/p>\n\n\n\n<p>\u201cSi empieza a haber largas o nos empiezan a cancelar, pues nos vamos a volver a movilizar. Estas manifestaciones no son de ahorita, llevamos casi ocho d\u00edas haciendo movilizaciones como en el Hospital de la Mujer de Tehuac\u00e1n, el General de Tecamachalco y el del Ni\u00f1o Poblano\u201d, concluy\u00f3.<\/p>\n","protected":false},"excerpt":{"rendered":"<p>En el estado de Puebla sigue pendiente la basificaci\u00f3n de 2 mil 960 m\u00e9dicos y enfermeras que tienen un contrato precario y han cumplido con los requisitos solicitados por la Federaci\u00f3n para ser incluidas en el modelo IMSS-Bienestar, lo que ha derivado en una serie de manifestaciones por parte del personal de salud en varios [&hellip;]<\/p>\n","protected":false},"author":4,"featured_media":50548,"comment_status":"open","ping_status":"open","sticky":false,"template":"","format":"standard","meta":{"om_disable_all_campaigns":false,"_monsterinsights_skip_tracking":false,"_monsterinsights_sitenote_active":false,"_monsterinsights_sitenote_note":"","_monsterinsights_sitenote_category":0,"footnotes":""},"categories":[175],"tags":[223],"class_list":["post-50547","post","type-post","status-publish","format-standard","has-post-thumbnail","hentry","category-local","tag-puebla"],"amp_enabled":true,"_links":{"self":[{"href":"https:\/\/lahora.mx\/index.php\/wp-json\/wp\/v2\/posts\/50547","targetHints":{"allow":["GET"]}}],"collection":[{"href":"https:\/\/lahora.mx\/index.php\/wp-json\/wp\/v2\/posts"}],"about":[{"href":"https:\/\/lahora.mx\/index.php\/wp-json\/wp\/v2\/types\/post"}],"author":[{"embeddable":true,"href":"https:\/\/lahora.mx\/index.php\/wp-json\/wp\/v2\/users\/4"}],"replies":[{"embeddable":true,"href":"https:\/\/lahora.mx\/index.php\/wp-json\/wp\/v2\/comments?post=50547"}],"version-history":[{"count":1,"href":"https:\/\/lahora.mx\/index.php\/wp-json\/wp\/v2\/posts\/50547\/revisions"}],"predecessor-version":[{"id":50549,"href":"https:\/\/lahora.mx\/index.php\/wp-json\/wp\/v2\/posts\/50547\/revisions\/50549"}],"wp:featuredmedia":[{"embeddable":true,"href":"https:\/\/lahora.mx\/index.php\/wp-json\/wp\/v2\/media\/50548"}],"wp:attachment":[{"href":"https:\/\/lahora.mx\/index.php\/wp-json\/wp\/v2\/media?parent=50547"}],"wp:term":[{"taxonomy":"category","embeddable":true,"href":"https:\/\/lahora.mx\/index.php\/wp-json\/wp\/v2\/categories?post=50547"},{"taxonomy":"post_tag","embeddable":true,"href":"https:\/\/lahora.mx\/index.php\/wp-json\/wp\/v2\/tags?post=50547"}],"curies":[{"name":"wp","href":"https:\/\/api.w.org\/{rel}","templated":true}]}}