{"id":50517,"date":"2024-08-13T16:41:28","date_gmt":"2024-08-13T16:41:28","guid":{"rendered":"http:\/\/lahora.mx\/?p=50517"},"modified":"2024-08-13T16:41:28","modified_gmt":"2024-08-13T16:41:28","slug":"eu-dirige-conspiracion-y-golpe-de-estado-contra-venezuela-menciona-canciller-yvan-gil","status":"publish","type":"post","link":"https:\/\/lahora.mx\/index.php\/2024\/08\/13\/eu-dirige-conspiracion-y-golpe-de-estado-contra-venezuela-menciona-canciller-yvan-gil\/","title":{"rendered":"EU dirige conspiraci\u00f3n y golpe de Estado contra Venezuela menciona canciller Yv\u00e1n Gil"},"content":{"rendered":"\n<p>El canciller venezolano Yv\u00e1n Gil denunci\u00f3 que Estados Unidos dise\u00f1a y dirige una gran conspiraci\u00f3n contra Venezuela que, a juicio del pa\u00eds, est\u00e1 siendo financiada por \u00aboscuros fondos\u00bb.<\/p>\n\n\n\n<p>A trav\u00e9s de Instagram, Gil coment\u00f3 la noche de ayer que \u00abla operaci\u00f3n golpista, dise\u00f1ada y dirigida desde los Estados Unidos, no tiene l\u00edmites\u00bb.<\/p>\n\n\n\n<p>Lo anterior como respuesta a una declaraci\u00f3n emitida la ma\u00f1ana del 12 de agosto por la vocera de la Casa Blanca, Karine Jean-Pierre.<\/p>\n\n\n\n<p>\u00abAhora Karine Jean-Pierre, vocera de la Casa Blanca, se autoproclama autoridad electoral en Venezuela\u00bb, denunci\u00f3 el ministro de Exteriores venezolano.<\/p>\n\n\n\n<p>La vocera norteamericana declar\u00f3 lo siguiente, respecto a los resultados de la jornada electoral del pa\u00eds bolivariano.<\/p>\n\n\n\n<p>\u201cEst\u00e1 muy claro para la mayor\u00eda del pueblo venezolano, EE. UU. y un n\u00famero creciente de pa\u00edses que Edmundo Gonz\u00e1lez (excandidato opositor) obtuvo la mayor cantidad de votos y Maduro debe reconocerlo\u00bb.<\/p>\n\n\n\n<p>Coment\u00f3 que el gobierno estadounidense \u00abdice y seguir\u00e1 diciendo que m\u00e1s del 80 por ciento de las actas publicadas por la sociedad civil y la oposici\u00f3n son corroboradas por observadores independientes\u00bb.<\/p>\n\n\n\n<p>En respuesta, Gil asever\u00f3 que \u00bb todas sus respuestas obedecen a lobbies bien pagados, todas las preguntas y comentarios en la pantomima de rueda de prensa son tarifados, enmarcadas en la gran conspiraci\u00f3n contra Venezuela\u00bb.<\/p>\n\n\n\n<p>\u00abLas preguntas que se hacen los venezolanos son: \u00bfQui\u00e9n est\u00e1 pagando esto? \u00bfCu\u00e1les son los oscuros fondos que financian esta operaci\u00f3n? \u00a1Responda Sra. Jean-Pierre!\u00bb, sentenci\u00f3 el jefe de la diplomacia venezolana.<\/p>\n\n\n\n<p>Venezuela advierte a UE que promover un gobierno falso ser\u00e1 desastroso<br>Yv\u00e1n Gil, advirti\u00f3 este martes que los intentos del alto representante de la Uni\u00f3n Europea (UE) para Asuntos Exteriores y Pol\u00edtica de Seguridad, Josep Borrell, de promover un gobierno falso en el pa\u00eds sudamericano ser\u00e1n desastrosos para Europa.<\/p>\n\n\n\n<p>As\u00ed lo dijo en su canal en Telegram, en respuesta a una publicaci\u00f3n en redes de Borrell, que el lunes convers\u00f3 con el excandidato presidencial de la oposici\u00f3n venezolana Edmundo Gonz\u00e1lez Urrutia.<\/p>\n\n\n\n<p>En un mensaje en X, el tambi\u00e9n vicepresidente de la Comisi\u00f3n Europea dijo que \u00aben conversaci\u00f3n con Edmundo Gonz\u00e1lez he reafirmado la posici\u00f3n de la UE: publicaci\u00f3n y verificaci\u00f3n de actas, fin a la represi\u00f3n y necesidad de un di\u00e1logo con garant\u00edas que refleje la voluntad popular\u00bb.<\/p>\n\n\n\n<p>Indic\u00f3 que la divulgaci\u00f3n de \u00ablos resultados electorales corresponde al Consejo Nacional Electoral (CNE)\u00bb, en alusi\u00f3n a que el M\u00e1ximo Tribunal Venezolano est\u00e1 atendiendo asuntos relacionados con los resultados electorales.<\/p>\n\n\n\n<p>Gil respondi\u00f3: \u00abEl Sr. Borrell ya fracas\u00f3 una vez cuando trat\u00f3 de alentar un gobierno falso en Venezuela, esta vez tiene pintada la derrota en la frente nuevamente\u00bb.<\/p>\n\n\n\n<p>Las declaraciones suceden tras el no reconocimiento de la UE de los resultados de las elecciones presidenciales del pasado 28 de julio en Venezuela, los cuales el CNE se dio a conocer en la madrugada del d\u00eda siguiente.<\/p>\n\n\n\n<p>El canciller venezolano consider\u00f3 que Borrell est\u00e1 \u00abempe\u00f1ado en lanzar al vac\u00edo a los gobiernos de Europa, no le aconsejamos tomar ese camino\u00bb.<\/p>\n\n\n\n<p>Gil compar\u00f3 la situaci\u00f3n actual con la de 2019, cuando el entonces diputado opositor Juan Guaid\u00f3 se autoproclam\u00f3 \u00abpresidente interino\u00bb de Venezuela en una plaza p\u00fablica, con el aval de Estados Unidos, la UE y varios pa\u00edses de la regi\u00f3n.<\/p>\n\n\n\n<p>El ministro de Relaciones Exteriores venezolano enfatiz\u00f3 que \u00abun Guaid\u00f3 2.0 seguro ser\u00e1 mucho m\u00e1s desastroso para quienes se aventuren en esa direcci\u00f3n. El basural de la historia le tiene un lugar reservado, estamos seguros de ello\u00bb.<\/p>\n","protected":false},"excerpt":{"rendered":"<p>El canciller venezolano Yv\u00e1n Gil denunci\u00f3 que Estados Unidos dise\u00f1a y dirige una gran conspiraci\u00f3n contra Venezuela que, a juicio del pa\u00eds, est\u00e1 siendo financiada por \u00aboscuros fondos\u00bb. A trav\u00e9s de Instagram, Gil coment\u00f3 la noche de ayer que \u00abla operaci\u00f3n golpista, dise\u00f1ada y dirigida desde los Estados Unidos, no tiene l\u00edmites\u00bb. Lo anterior como [&hellip;]<\/p>\n","protected":false},"author":4,"featured_media":50518,"comment_status":"open","ping_status":"open","sticky":false,"template":"","format":"standard","meta":{"om_disable_all_campaigns":false,"_monsterinsights_skip_tracking":false,"_monsterinsights_sitenote_active":false,"_monsterinsights_sitenote_note":"","_monsterinsights_sitenote_category":0,"footnotes":""},"categories":[183],"tags":[],"class_list":["post-50517","post","type-post","status-publish","format-standard","has-post-thumbnail","hentry","category-internacional"],"amp_enabled":true,"_links":{"self":[{"href":"https:\/\/lahora.mx\/index.php\/wp-json\/wp\/v2\/posts\/50517","targetHints":{"allow":["GET"]}}],"collection":[{"href":"https:\/\/lahora.mx\/index.php\/wp-json\/wp\/v2\/posts"}],"about":[{"href":"https:\/\/lahora.mx\/index.php\/wp-json\/wp\/v2\/types\/post"}],"author":[{"embeddable":true,"href":"https:\/\/lahora.mx\/index.php\/wp-json\/wp\/v2\/users\/4"}],"replies":[{"embeddable":true,"href":"https:\/\/lahora.mx\/index.php\/wp-json\/wp\/v2\/comments?post=50517"}],"version-history":[{"count":1,"href":"https:\/\/lahora.mx\/index.php\/wp-json\/wp\/v2\/posts\/50517\/revisions"}],"predecessor-version":[{"id":50519,"href":"https:\/\/lahora.mx\/index.php\/wp-json\/wp\/v2\/posts\/50517\/revisions\/50519"}],"wp:featuredmedia":[{"embeddable":true,"href":"https:\/\/lahora.mx\/index.php\/wp-json\/wp\/v2\/media\/50518"}],"wp:attachment":[{"href":"https:\/\/lahora.mx\/index.php\/wp-json\/wp\/v2\/media?parent=50517"}],"wp:term":[{"taxonomy":"category","embeddable":true,"href":"https:\/\/lahora.mx\/index.php\/wp-json\/wp\/v2\/categories?post=50517"},{"taxonomy":"post_tag","embeddable":true,"href":"https:\/\/lahora.mx\/index.php\/wp-json\/wp\/v2\/tags?post=50517"}],"curies":[{"name":"wp","href":"https:\/\/api.w.org\/{rel}","templated":true}]}}