{"id":50480,"date":"2024-08-12T16:07:14","date_gmt":"2024-08-12T16:07:14","guid":{"rendered":"http:\/\/lahora.mx\/?p=50480"},"modified":"2024-08-12T16:07:14","modified_gmt":"2024-08-12T16:07:14","slug":"ucrania-bombardea-planta-nuclear-rusa","status":"publish","type":"post","link":"https:\/\/lahora.mx\/index.php\/2024\/08\/12\/ucrania-bombardea-planta-nuclear-rusa\/","title":{"rendered":"Ucrania bombardea Planta nuclear rusa"},"content":{"rendered":"\n<p>Una planta nuclear de Rusia tuvo da\u00f1os en su infraestructura a consecuencia de un ataque con avi\u00f3n kamikaze no tripulado del ejercito ucraniano.<\/p>\n\n\n\n<p>La Planta de Energ\u00eda Nuclear de Zaporiyia (ZNPP, siglas en ingl\u00e9s) sufri\u00f3 da\u00f1os por primera vez desde el inicio de los bombardeos y ataques de las fuerzas ucranianas, dijo el domingo la directora de comunicaciones de la ZNPP, Yevgenia Yashina.<\/p>\n\n\n\n<p>\u00abLa infraestructura de la ZNPP ha sufrido por primera vez graves da\u00f1os como consecuencia de un ataque de las Fuerzas Armadas de Ucrania\u00bb, declar\u00f3 Yashina, de acuerdo con la agencia rusa de noticias TASS.<\/p>\n\n\n\n<p>Las fuerzas ucranianas atacaron con un avi\u00f3n no tripulado kamikaze. Pese a los da\u00f1os y el incendio en el sistema de refrigeraci\u00f3n, seg\u00fan Yashina, las operaciones de la central nuclear no fueron afectadas.<\/p>\n\n\n\n<p>\u00abLa torre de refrigeraci\u00f3n se utilizaba para tal prop\u00f3sito, pero las unidades del reactor est\u00e1n apagadas, por lo que la torre no est\u00e1 en uso. Las piscinas de aspersi\u00f3n son suficientes para la refrigeraci\u00f3n en este momento\u00bb, afirm\u00f3.<\/p>\n\n\n\n<p>Anteriormente, Yevgeny Balitsky, gobernador de la regi\u00f3n de Zaporiyia, declar\u00f3 que los sistemas de refrigeraci\u00f3n de la ZNPP se incendiaron como consecuencia del ataque ucraniano.<\/p>\n\n\n\n<p>Asegur\u00f3 que las seis unidades de reactores de la central se encuentran en un estado de apagado fr\u00edo, lo que elimina cualquier riesgo de explosi\u00f3n de vapor.<\/p>\n","protected":false},"excerpt":{"rendered":"<p>Una planta nuclear de Rusia tuvo da\u00f1os en su infraestructura a consecuencia de un ataque con avi\u00f3n kamikaze no tripulado del ejercito ucraniano. La Planta de Energ\u00eda Nuclear de Zaporiyia (ZNPP, siglas en ingl\u00e9s) sufri\u00f3 da\u00f1os por primera vez desde el inicio de los bombardeos y ataques de las fuerzas ucranianas, dijo el domingo la [&hellip;]<\/p>\n","protected":false},"author":4,"featured_media":50481,"comment_status":"open","ping_status":"open","sticky":false,"template":"","format":"standard","meta":{"om_disable_all_campaigns":false,"_monsterinsights_skip_tracking":false,"_monsterinsights_sitenote_active":false,"_monsterinsights_sitenote_note":"","_monsterinsights_sitenote_category":0,"footnotes":""},"categories":[183],"tags":[],"class_list":["post-50480","post","type-post","status-publish","format-standard","has-post-thumbnail","hentry","category-internacional"],"amp_enabled":true,"_links":{"self":[{"href":"https:\/\/lahora.mx\/index.php\/wp-json\/wp\/v2\/posts\/50480","targetHints":{"allow":["GET"]}}],"collection":[{"href":"https:\/\/lahora.mx\/index.php\/wp-json\/wp\/v2\/posts"}],"about":[{"href":"https:\/\/lahora.mx\/index.php\/wp-json\/wp\/v2\/types\/post"}],"author":[{"embeddable":true,"href":"https:\/\/lahora.mx\/index.php\/wp-json\/wp\/v2\/users\/4"}],"replies":[{"embeddable":true,"href":"https:\/\/lahora.mx\/index.php\/wp-json\/wp\/v2\/comments?post=50480"}],"version-history":[{"count":1,"href":"https:\/\/lahora.mx\/index.php\/wp-json\/wp\/v2\/posts\/50480\/revisions"}],"predecessor-version":[{"id":50482,"href":"https:\/\/lahora.mx\/index.php\/wp-json\/wp\/v2\/posts\/50480\/revisions\/50482"}],"wp:featuredmedia":[{"embeddable":true,"href":"https:\/\/lahora.mx\/index.php\/wp-json\/wp\/v2\/media\/50481"}],"wp:attachment":[{"href":"https:\/\/lahora.mx\/index.php\/wp-json\/wp\/v2\/media?parent=50480"}],"wp:term":[{"taxonomy":"category","embeddable":true,"href":"https:\/\/lahora.mx\/index.php\/wp-json\/wp\/v2\/categories?post=50480"},{"taxonomy":"post_tag","embeddable":true,"href":"https:\/\/lahora.mx\/index.php\/wp-json\/wp\/v2\/tags?post=50480"}],"curies":[{"name":"wp","href":"https:\/\/api.w.org\/{rel}","templated":true}]}}