{"id":50213,"date":"2024-07-05T20:07:55","date_gmt":"2024-07-05T20:07:55","guid":{"rendered":"http:\/\/lahora.mx\/?p=50213"},"modified":"2024-08-05T20:08:48","modified_gmt":"2024-08-05T20:08:48","slug":"aprueba-en-congreso-exhorto-para-que-alcalde-de-puebla-evite-uso-de-imagen-de-menores","status":"publish","type":"post","link":"https:\/\/lahora.mx\/index.php\/2024\/07\/05\/aprueba-en-congreso-exhorto-para-que-alcalde-de-puebla-evite-uso-de-imagen-de-menores\/","title":{"rendered":"Aprueba en Congreso exhorto para que alcalde de Puebla evite uso de imagen de menores"},"content":{"rendered":"\n<p>Las Comisiones Unidas de Procuraci\u00f3n y Administraci\u00f3n de Justicia y de Asuntos Municipales del Congreso del Estado, aprobaron un punto de acuerdo para exhortar al presidente municipal de Puebla a que observe la normatividad aplicable a ni\u00f1as, ni\u00f1os y adolescentes y, en consecuencia, no haga uso de su imagen y rostro, pues ello los pone en riesgo y vulnera su derecho humano a la intimidad y al principio constitucional del inter\u00e9s superior de la ni\u00f1ez.<\/p>\n\n\n\n<p>Como parte de los resolutivos, tambi\u00e9n se exhorta al presidente municipal del Ayuntamiento de Puebla a que evite usar recursos p\u00fablicos y\/u horario laboral para fines partidistas.<\/p>\n\n\n\n<p>Asimismo, se exhorta a la Fiscal\u00eda General del Estado y a la Procuradur\u00eda de Protecci\u00f3n de los Derechos de las Ni\u00f1as, Ni\u00f1os y Adolescentes del Estado para que en el \u00e1mbito de sus competencias analicen si el presidente municipal de Puebla ha violentado protocolos para ni\u00f1as, ni\u00f1os y adolescentes, as\u00ed como la Ley General de los Derechos de las Ni\u00f1as, Ni\u00f1os y Adolescentes, y la Ley de los Derechos de las Ni\u00f1as, Ni\u00f1os y Adolescentes del Estado de Puebla.<\/p>\n\n\n\n<p>Durante la discusi\u00f3n del acuerdo, la diputada M\u00f3nica Rodr\u00edguez Della Vecchia record\u00f3 que el presidente municipal de Puebla, en un acto de gobierno y en horario laboral, utiliz\u00f3 a ni\u00f1as, ni\u00f1os y adolescentes para pedir una opini\u00f3n pol\u00edtica a los menores, pese a que toda autoridad est\u00e1 obligada a observar la normatividad, as\u00ed como el inter\u00e9s superior de la ni\u00f1ez asentado en la Constituci\u00f3n.<\/p>\n\n\n\n<p>Por su parte, el diputado Eduardo Alc\u00e1ntara Montiel se\u00f1al\u00f3 que hay una obligaci\u00f3n en el deber ser, de cumplir con las Leyes y normas que tutelan y protegen los derechos de ni\u00f1as, ni\u00f1os y adolescentes, pues el presidente municipal de Puebla mezcl\u00f3 una actividad propia de su cargo con una situaci\u00f3n interna de partido, e involucr\u00f3 a estudiantes.<br>En tanto, la diputada Azucena Rosas Tapia, as\u00ed como los diputados Rafael Micalco M\u00e9ndez y Fernando S\u00e1nchez Sasia se pronunciaron a favor del exhorto, pues todas y todos los funcionarios p\u00fablicos deben apegarse a la normatividad en materia de protecci\u00f3n a ni\u00f1as, ni\u00f1os y adolescentes.<\/p>\n\n\n\n<p>A la sesi\u00f3n acudieron las y los diputados Eduardo Alc\u00e1ntara Montiel, Roberto Bautista Lozano, Edgar Garmendia de los Santos, Yolanda G\u00e1mez Mendoza, Fernando S\u00e1nchez Sasia, M\u00f3nica Rodr\u00edguez Della Vecchia, Nancy Jim\u00e9nez Morales, Patricia Valencia \u00c1vila, Silvia Tan\u00fas Osorio, Azucena Rosas Tapia, Karla Rodr\u00edguez Palacios, Guadalupe Leal Rodr\u00edguez, Gerardo Hern\u00e1ndez Rojas y Rafael Micalco M\u00e9ndez.<\/p>\n","protected":false},"excerpt":{"rendered":"<p>Las Comisiones Unidas de Procuraci\u00f3n y Administraci\u00f3n de Justicia y de Asuntos Municipales del Congreso del Estado, aprobaron un punto de acuerdo para exhortar al presidente municipal de Puebla a que observe la normatividad aplicable a ni\u00f1as, ni\u00f1os y adolescentes y, en consecuencia, no haga uso de su imagen y rostro, pues ello los pone [&hellip;]<\/p>\n","protected":false},"author":4,"featured_media":50214,"comment_status":"open","ping_status":"open","sticky":false,"template":"","format":"standard","meta":{"om_disable_all_campaigns":false,"_monsterinsights_skip_tracking":false,"_monsterinsights_sitenote_active":false,"_monsterinsights_sitenote_note":"","_monsterinsights_sitenote_category":0,"footnotes":""},"categories":[175],"tags":[227,223],"class_list":["post-50213","post","type-post","status-publish","format-standard","has-post-thumbnail","hentry","category-local","tag-congreso","tag-puebla"],"amp_enabled":true,"_links":{"self":[{"href":"https:\/\/lahora.mx\/index.php\/wp-json\/wp\/v2\/posts\/50213","targetHints":{"allow":["GET"]}}],"collection":[{"href":"https:\/\/lahora.mx\/index.php\/wp-json\/wp\/v2\/posts"}],"about":[{"href":"https:\/\/lahora.mx\/index.php\/wp-json\/wp\/v2\/types\/post"}],"author":[{"embeddable":true,"href":"https:\/\/lahora.mx\/index.php\/wp-json\/wp\/v2\/users\/4"}],"replies":[{"embeddable":true,"href":"https:\/\/lahora.mx\/index.php\/wp-json\/wp\/v2\/comments?post=50213"}],"version-history":[{"count":1,"href":"https:\/\/lahora.mx\/index.php\/wp-json\/wp\/v2\/posts\/50213\/revisions"}],"predecessor-version":[{"id":50215,"href":"https:\/\/lahora.mx\/index.php\/wp-json\/wp\/v2\/posts\/50213\/revisions\/50215"}],"wp:featuredmedia":[{"embeddable":true,"href":"https:\/\/lahora.mx\/index.php\/wp-json\/wp\/v2\/media\/50214"}],"wp:attachment":[{"href":"https:\/\/lahora.mx\/index.php\/wp-json\/wp\/v2\/media?parent=50213"}],"wp:term":[{"taxonomy":"category","embeddable":true,"href":"https:\/\/lahora.mx\/index.php\/wp-json\/wp\/v2\/categories?post=50213"},{"taxonomy":"post_tag","embeddable":true,"href":"https:\/\/lahora.mx\/index.php\/wp-json\/wp\/v2\/tags?post=50213"}],"curies":[{"name":"wp","href":"https:\/\/api.w.org\/{rel}","templated":true}]}}