{"id":50190,"date":"2024-07-10T19:17:26","date_gmt":"2024-07-10T19:17:26","guid":{"rendered":"http:\/\/lahora.mx\/?p=50190"},"modified":"2024-08-05T19:19:16","modified_gmt":"2024-08-05T19:19:16","slug":"aprueban-comisiones-del-congreso-expedicion-de-la-ley-de-voluntad-anticipada","status":"publish","type":"post","link":"https:\/\/lahora.mx\/index.php\/2024\/07\/10\/aprueban-comisiones-del-congreso-expedicion-de-la-ley-de-voluntad-anticipada\/","title":{"rendered":"Aprueban Comisiones del Congreso, expedici\u00f3n de la Ley de Voluntad Anticipada"},"content":{"rendered":"\n<p>Las Comisiones Unidas de Gobernaci\u00f3n y Puntos Constitucionales, y de Salud del Congreso del Estado aprobaron el proyecto de dictamen para expedir la Ley de Voluntad Anticipada para el Estado de Puebla.<\/p>\n\n\n\n<p>As\u00ed como reformas y adiciones a diversas disposiciones de la Ley Estatal de Salud con la finalidad de establecer las normas, requisitos y formas de realizaci\u00f3n de la voluntad de una persona con capacidad de ejercicio, para que exprese su decisi\u00f3n de ser sometida o no, a medios, tratamientos o procedimientos m\u00e9dicos que pretendan prolongar su vida cuando se encuentra con enfermedades en estado terminal, respetando su autonom\u00eda personal y dignidad humana.<\/p>\n\n\n\n<p>La diputada Silvia Tan\u00fas Osorio se\u00f1al\u00f3 que \u201cel proyecto de dictamen establece que la Voluntad Anticipada se aplicar\u00e1 para mayores de edad, en pleno uso de sus facultades mentales, de no ser as\u00ed las decisiones ser\u00e1n asumidas por los padres, tutor o representante legal.<\/p>\n\n\n\n<p>El documento de Voluntad Anticipada deber\u00e1 realizarse de manera personal, libre e inequ\u00edvoca ante Notario P\u00fablico o personal de salud, ante dos testigos. Con firma y nombre de quien la otorga, as\u00ed como eI nombramiento de un representante y, en su caso, un sustituto para velar por el cumplimiento de la voluntad del enfermo\u201d, se\u00f1al\u00f3 la legisladora.<\/p>\n\n\n\n<p>En la sesi\u00f3n de los \u00f3rganos colegiados estuvieron presentes las y los diputados, Silvia Tan\u00fas Osorio, Azucena Rosas Tapia, Edgar Garmendia de los Santos, Jocelyn Olivares L\u00f3pez, Lidia Karely Oca\u00f1a Madrid, Yolanda G\u00e1mez Mendoza, Norma Sirley Reyes Cabrera, Gerardo Hern\u00e1ndez Rojas y Jos\u00e9 Miguel Octaviano Huerta Rodr\u00edguez.<\/p>\n","protected":false},"excerpt":{"rendered":"<p>Las Comisiones Unidas de Gobernaci\u00f3n y Puntos Constitucionales, y de Salud del Congreso del Estado aprobaron el proyecto de dictamen para expedir la Ley de Voluntad Anticipada para el Estado de Puebla. As\u00ed como reformas y adiciones a diversas disposiciones de la Ley Estatal de Salud con la finalidad de establecer las normas, requisitos y [&hellip;]<\/p>\n","protected":false},"author":4,"featured_media":50192,"comment_status":"open","ping_status":"open","sticky":false,"template":"","format":"standard","meta":{"om_disable_all_campaigns":false,"_monsterinsights_skip_tracking":false,"_monsterinsights_sitenote_active":false,"_monsterinsights_sitenote_note":"","_monsterinsights_sitenote_category":0,"footnotes":""},"categories":[175],"tags":[239,223],"class_list":["post-50190","post","type-post","status-publish","format-standard","has-post-thumbnail","hentry","category-local","tag-gobierno","tag-puebla"],"amp_enabled":true,"_links":{"self":[{"href":"https:\/\/lahora.mx\/index.php\/wp-json\/wp\/v2\/posts\/50190","targetHints":{"allow":["GET"]}}],"collection":[{"href":"https:\/\/lahora.mx\/index.php\/wp-json\/wp\/v2\/posts"}],"about":[{"href":"https:\/\/lahora.mx\/index.php\/wp-json\/wp\/v2\/types\/post"}],"author":[{"embeddable":true,"href":"https:\/\/lahora.mx\/index.php\/wp-json\/wp\/v2\/users\/4"}],"replies":[{"embeddable":true,"href":"https:\/\/lahora.mx\/index.php\/wp-json\/wp\/v2\/comments?post=50190"}],"version-history":[{"count":1,"href":"https:\/\/lahora.mx\/index.php\/wp-json\/wp\/v2\/posts\/50190\/revisions"}],"predecessor-version":[{"id":50191,"href":"https:\/\/lahora.mx\/index.php\/wp-json\/wp\/v2\/posts\/50190\/revisions\/50191"}],"wp:featuredmedia":[{"embeddable":true,"href":"https:\/\/lahora.mx\/index.php\/wp-json\/wp\/v2\/media\/50192"}],"wp:attachment":[{"href":"https:\/\/lahora.mx\/index.php\/wp-json\/wp\/v2\/media?parent=50190"}],"wp:term":[{"taxonomy":"category","embeddable":true,"href":"https:\/\/lahora.mx\/index.php\/wp-json\/wp\/v2\/categories?post=50190"},{"taxonomy":"post_tag","embeddable":true,"href":"https:\/\/lahora.mx\/index.php\/wp-json\/wp\/v2\/tags?post=50190"}],"curies":[{"name":"wp","href":"https:\/\/api.w.org\/{rel}","templated":true}]}}