{"id":50137,"date":"2024-07-28T17:19:18","date_gmt":"2024-07-28T17:19:18","guid":{"rendered":"http:\/\/lahora.mx\/?p=50137"},"modified":"2024-08-05T17:23:21","modified_gmt":"2024-08-05T17:23:21","slug":"promueve-congreso-corresponsabilidad-en-la-vida-laboral-y-personal","status":"publish","type":"post","link":"https:\/\/lahora.mx\/index.php\/2024\/07\/28\/promueve-congreso-corresponsabilidad-en-la-vida-laboral-y-personal\/","title":{"rendered":"Promueve Congreso corresponsabilidad en la vida laboral y personal"},"content":{"rendered":"\n<p>La Unidad para la Igualdad de G\u00e9nero del Congreso del Estado llev\u00f3 a cabo la charla virtual \u201cCorresponsabilidad de la Vida Laboral, Familiar y Personal con Perspectiva de G\u00e9nero\u201d, la cual fue impartida por la consultora y economista, Gabriela Victoria Rosas Salas.<\/p>\n\n\n\n<p>A trav\u00e9s de esta charla, los participantes identificaron la importancia de la corresponsabilidad en el trabajo y en la familia, as\u00ed como las acciones mediante las cuales se puede contribuir para impulsar la igualdad sustantiva, desde todos los espacios.<\/p>\n\n\n\n<p>La especialista se\u00f1al\u00f3 que la corresponsabilidad tambi\u00e9n debe ser fundamental para el gasto equilibrado de las tareas dom\u00e9sticas y de las responsabilidades familiares, tales como su organizaci\u00f3n, el cuidado, la educaci\u00f3n, y el afecto de personas dependientes dentro y fuera del hogar, con el fin de distribuir de manera justa los tiempos de vida de mujeres y hombres en todos los espacios.<\/p>\n\n\n\n<p>Durante la charla, tambi\u00e9n se abord\u00f3 el tema relacionado con los principios para la igualdad laboral, para evitar que el estado de embarazo, orientaci\u00f3n sexual, enfermedades y discapacidad sean condicionantes de discriminaci\u00f3n.<\/p>\n\n\n\n<p>Durante este ejercicio tambi\u00e9n particip\u00f3 el diputado Jorge Luis V\u00e9lez Pav\u00eda.<\/p>\n","protected":false},"excerpt":{"rendered":"<p>La Unidad para la Igualdad de G\u00e9nero del Congreso del Estado llev\u00f3 a cabo la charla virtual \u201cCorresponsabilidad de la Vida Laboral, Familiar y Personal con Perspectiva de G\u00e9nero\u201d, la cual fue impartida por la consultora y economista, Gabriela Victoria Rosas Salas. A trav\u00e9s de esta charla, los participantes identificaron la importancia de la corresponsabilidad [&hellip;]<\/p>\n","protected":false},"author":4,"featured_media":50140,"comment_status":"open","ping_status":"open","sticky":false,"template":"","format":"standard","meta":{"om_disable_all_campaigns":false,"_monsterinsights_skip_tracking":false,"_monsterinsights_sitenote_active":false,"_monsterinsights_sitenote_note":"","_monsterinsights_sitenote_category":0,"footnotes":""},"categories":[175],"tags":[227,223],"class_list":["post-50137","post","type-post","status-publish","format-standard","has-post-thumbnail","hentry","category-local","tag-congreso","tag-puebla"],"amp_enabled":true,"_links":{"self":[{"href":"https:\/\/lahora.mx\/index.php\/wp-json\/wp\/v2\/posts\/50137","targetHints":{"allow":["GET"]}}],"collection":[{"href":"https:\/\/lahora.mx\/index.php\/wp-json\/wp\/v2\/posts"}],"about":[{"href":"https:\/\/lahora.mx\/index.php\/wp-json\/wp\/v2\/types\/post"}],"author":[{"embeddable":true,"href":"https:\/\/lahora.mx\/index.php\/wp-json\/wp\/v2\/users\/4"}],"replies":[{"embeddable":true,"href":"https:\/\/lahora.mx\/index.php\/wp-json\/wp\/v2\/comments?post=50137"}],"version-history":[{"count":1,"href":"https:\/\/lahora.mx\/index.php\/wp-json\/wp\/v2\/posts\/50137\/revisions"}],"predecessor-version":[{"id":50141,"href":"https:\/\/lahora.mx\/index.php\/wp-json\/wp\/v2\/posts\/50137\/revisions\/50141"}],"wp:featuredmedia":[{"embeddable":true,"href":"https:\/\/lahora.mx\/index.php\/wp-json\/wp\/v2\/media\/50140"}],"wp:attachment":[{"href":"https:\/\/lahora.mx\/index.php\/wp-json\/wp\/v2\/media?parent=50137"}],"wp:term":[{"taxonomy":"category","embeddable":true,"href":"https:\/\/lahora.mx\/index.php\/wp-json\/wp\/v2\/categories?post=50137"},{"taxonomy":"post_tag","embeddable":true,"href":"https:\/\/lahora.mx\/index.php\/wp-json\/wp\/v2\/tags?post=50137"}],"curies":[{"name":"wp","href":"https:\/\/api.w.org\/{rel}","templated":true}]}}