{"id":50064,"date":"2024-08-02T21:20:44","date_gmt":"2024-08-02T21:20:44","guid":{"rendered":"http:\/\/lahora.mx\/?p=50064"},"modified":"2024-08-02T21:20:44","modified_gmt":"2024-08-02T21:20:44","slug":"kamala-harris-obtiene-la-mayoria-de-votos-para-darle-la-nominacion-presidencial-democrata","status":"publish","type":"post","link":"https:\/\/lahora.mx\/index.php\/2024\/08\/02\/kamala-harris-obtiene-la-mayoria-de-votos-para-darle-la-nominacion-presidencial-democrata\/","title":{"rendered":"Kamala Harris obtiene la mayor\u00eda de votos para darle la nominaci\u00f3n presidencial dem\u00f3crata"},"content":{"rendered":"\n<p>La vicepresidenta Kamala Harris ha obtenido suficientes votos de delegados para asegurar la nominaci\u00f3n presidencial dem\u00f3crata, anunci\u00f3 el viernes el presidente del Comit\u00e9 Nacional Dem\u00f3crata, Jaime Harrison, aunque los resultados a\u00fan no son oficiales.<\/p>\n\n\n\n<p>El comit\u00e9 no har\u00e1 un anuncio oficial de los resultados hasta el lunes por la noche, cuando se cierre el proceso de votaci\u00f3n virtual para los delegados a la Convenci\u00f3n Nacional Dem\u00f3crata del pr\u00f3ximo mes.<\/p>\n\n\n\n<p>Los delegados dem\u00f3cratas est\u00e1n llevando a cabo una inusual votaci\u00f3n virtual previa a la convenci\u00f3n para finalizar su nominaci\u00f3n antes de la fecha l\u00edmite de acceso a las papeletas en Ohio la pr\u00f3xima semana, que se fij\u00f3 antes del inicio de la convenci\u00f3n nacional del partido en Chicago el 19 de agosto.<\/p>\n\n\n\n<p>Hab\u00edan estado planeando seleccionar formalmente a su candidato presidencial de esa manera desde mayo, mucho antes de que Biden retirara su candidatura a la reelecci\u00f3n.<\/p>\n\n\n\n<p>La votaci\u00f3n virtual para los aproximadamente 4 mil 700 delegados de la convenci\u00f3n comenz\u00f3 el jueves por la ma\u00f1ana y no est\u00e1 previsto que concluya hasta las 6:00 p. m., hora del Este, del lunes.<\/p>\n\n\n\n<p>La campa\u00f1a de Harris dice que recibi\u00f3 m\u00e1s de los 2 mil 350 votos necesarios para asegurar la nominaci\u00f3n poco despu\u00e9s de que comenzara el proceso. Los delegados no pueden cambiar sus votos una vez emitidos.<\/p>\n","protected":false},"excerpt":{"rendered":"<p>La vicepresidenta Kamala Harris ha obtenido suficientes votos de delegados para asegurar la nominaci\u00f3n presidencial dem\u00f3crata, anunci\u00f3 el viernes el presidente del Comit\u00e9 Nacional Dem\u00f3crata, Jaime Harrison, aunque los resultados a\u00fan no son oficiales. El comit\u00e9 no har\u00e1 un anuncio oficial de los resultados hasta el lunes por la noche, cuando se cierre el proceso [&hellip;]<\/p>\n","protected":false},"author":4,"featured_media":50065,"comment_status":"open","ping_status":"open","sticky":false,"template":"","format":"standard","meta":{"om_disable_all_campaigns":false,"_monsterinsights_skip_tracking":false,"_monsterinsights_sitenote_active":false,"_monsterinsights_sitenote_note":"","_monsterinsights_sitenote_category":0,"footnotes":""},"categories":[183],"tags":[],"class_list":["post-50064","post","type-post","status-publish","format-standard","has-post-thumbnail","hentry","category-internacional"],"amp_enabled":true,"_links":{"self":[{"href":"https:\/\/lahora.mx\/index.php\/wp-json\/wp\/v2\/posts\/50064","targetHints":{"allow":["GET"]}}],"collection":[{"href":"https:\/\/lahora.mx\/index.php\/wp-json\/wp\/v2\/posts"}],"about":[{"href":"https:\/\/lahora.mx\/index.php\/wp-json\/wp\/v2\/types\/post"}],"author":[{"embeddable":true,"href":"https:\/\/lahora.mx\/index.php\/wp-json\/wp\/v2\/users\/4"}],"replies":[{"embeddable":true,"href":"https:\/\/lahora.mx\/index.php\/wp-json\/wp\/v2\/comments?post=50064"}],"version-history":[{"count":1,"href":"https:\/\/lahora.mx\/index.php\/wp-json\/wp\/v2\/posts\/50064\/revisions"}],"predecessor-version":[{"id":50066,"href":"https:\/\/lahora.mx\/index.php\/wp-json\/wp\/v2\/posts\/50064\/revisions\/50066"}],"wp:featuredmedia":[{"embeddable":true,"href":"https:\/\/lahora.mx\/index.php\/wp-json\/wp\/v2\/media\/50065"}],"wp:attachment":[{"href":"https:\/\/lahora.mx\/index.php\/wp-json\/wp\/v2\/media?parent=50064"}],"wp:term":[{"taxonomy":"category","embeddable":true,"href":"https:\/\/lahora.mx\/index.php\/wp-json\/wp\/v2\/categories?post=50064"},{"taxonomy":"post_tag","embeddable":true,"href":"https:\/\/lahora.mx\/index.php\/wp-json\/wp\/v2\/tags?post=50064"}],"curies":[{"name":"wp","href":"https:\/\/api.w.org\/{rel}","templated":true}]}}