{"id":50042,"date":"2024-08-02T16:35:53","date_gmt":"2024-08-02T16:35:53","guid":{"rendered":"http:\/\/lahora.mx\/?p=50042"},"modified":"2024-08-02T16:35:53","modified_gmt":"2024-08-02T16:35:53","slug":"condicionan-servidores-de-la-nacion-recursos-del-programa-la-clinica-es-nuestra","status":"publish","type":"post","link":"https:\/\/lahora.mx\/index.php\/2024\/08\/02\/condicionan-servidores-de-la-nacion-recursos-del-programa-la-clinica-es-nuestra\/","title":{"rendered":"Condicionan servidores de la naci\u00f3n, recursos del programa &#8216;La Cl\u00ednica es Nuestra&#8217;"},"content":{"rendered":"\n<p>De las 93 unidades m\u00e9dicas a las que se les asignaron recursos desde el pasado 4 de junio, como parte del programa federal \u201cLa Cl\u00ednica es Nuestra\u201d, hasta la fecha 40 unidades no han aplicado los recursos debido a que los servidores de la naci\u00f3n se lo han impedido y en otras hay anomal\u00edas. Esto se dio a conocer durante una reuni\u00f3n informativa realizada este mi\u00e9rcoles 31 de julio con responsables de centros de salud.<\/p>\n\n\n\n<p>En dicha reuni\u00f3n, que se llev\u00f3 a cabo en Tepeaca, se inform\u00f3 que al menos 40 unidades no han utilizado sus recursos porque sus comit\u00e9s les han indicado que los servidores de la naci\u00f3n les han pedido que esperen a que ellos busquen la empresa que trabajar\u00e1 en sus unidades. Personal de IMSS-Bienestar inform\u00f3 a los galenos que ellos, en coordinaci\u00f3n con los comit\u00e9s, deben aplicar los recursos y se dej\u00f3 en claro que no deben permitir intermediarios.<br>En este evento estuvieron presentes responsables de unidades m\u00e9dicas de la jurisdicci\u00f3n 9 con cabecera en Tepexi, la coordinadora de atenci\u00f3n al adulto mayor de Bienestar, Am\u00e9rica Morales, y personal de IMSS-Bienestar.<br><br>Tambi\u00e9n se inform\u00f3 que el resto de los comit\u00e9s han optado por pintar y cambiar la imagen de las unidades, as\u00ed como adquirir equipamiento m\u00e9dico.<\/p>\n\n\n\n<p>En entrevista con algunos integrantes de los comit\u00e9s de estas unidades, como es el caso de Juan N. M\u00e9ndez y de su junta auxiliar Guadalupe Victoria, comentaron que desde el inicio la servidora de la naci\u00f3n Hip\u00f3lita Osorio Vega condicion\u00f3 con qui\u00e9n comprar lo necesario para equipar la cl\u00ednica, advirtiendo que, de no hacerlo, se les retirar\u00eda el recurso.<\/p>\n\n\n\n<p>Seg\u00fan las integrantes del comit\u00e9, a Hip\u00f3lita Osorio le hicieron una transferencia de 80 mil pesos y, de otra cl\u00ednica, de 100 mil pesos hace m\u00e1s de un mes, y hasta la fecha no ha entregado nada.<\/p>\n\n\n\n<p>Nos dijo que si no hac\u00edamos lo que ella nos ped\u00eda, el recurso se nos retirar\u00eda. Le transferimos 80 mil pesos a una cuenta que ella nos indic\u00f3 hace m\u00e1s de un mes y no hemos recibido nada<br><br><\/p>\n","protected":false},"excerpt":{"rendered":"<p>De las 93 unidades m\u00e9dicas a las que se les asignaron recursos desde el pasado 4 de junio, como parte del programa federal \u201cLa Cl\u00ednica es Nuestra\u201d, hasta la fecha 40 unidades no han aplicado los recursos debido a que los servidores de la naci\u00f3n se lo han impedido y en otras hay anomal\u00edas. Esto [&hellip;]<\/p>\n","protected":false},"author":4,"featured_media":50043,"comment_status":"open","ping_status":"open","sticky":false,"template":"","format":"standard","meta":{"om_disable_all_campaigns":false,"_monsterinsights_skip_tracking":false,"_monsterinsights_sitenote_active":false,"_monsterinsights_sitenote_note":"","_monsterinsights_sitenote_category":0,"footnotes":""},"categories":[176],"tags":[],"class_list":["post-50042","post","type-post","status-publish","format-standard","has-post-thumbnail","hentry","category-nacional"],"amp_enabled":true,"_links":{"self":[{"href":"https:\/\/lahora.mx\/index.php\/wp-json\/wp\/v2\/posts\/50042","targetHints":{"allow":["GET"]}}],"collection":[{"href":"https:\/\/lahora.mx\/index.php\/wp-json\/wp\/v2\/posts"}],"about":[{"href":"https:\/\/lahora.mx\/index.php\/wp-json\/wp\/v2\/types\/post"}],"author":[{"embeddable":true,"href":"https:\/\/lahora.mx\/index.php\/wp-json\/wp\/v2\/users\/4"}],"replies":[{"embeddable":true,"href":"https:\/\/lahora.mx\/index.php\/wp-json\/wp\/v2\/comments?post=50042"}],"version-history":[{"count":1,"href":"https:\/\/lahora.mx\/index.php\/wp-json\/wp\/v2\/posts\/50042\/revisions"}],"predecessor-version":[{"id":50044,"href":"https:\/\/lahora.mx\/index.php\/wp-json\/wp\/v2\/posts\/50042\/revisions\/50044"}],"wp:featuredmedia":[{"embeddable":true,"href":"https:\/\/lahora.mx\/index.php\/wp-json\/wp\/v2\/media\/50043"}],"wp:attachment":[{"href":"https:\/\/lahora.mx\/index.php\/wp-json\/wp\/v2\/media?parent=50042"}],"wp:term":[{"taxonomy":"category","embeddable":true,"href":"https:\/\/lahora.mx\/index.php\/wp-json\/wp\/v2\/categories?post=50042"},{"taxonomy":"post_tag","embeddable":true,"href":"https:\/\/lahora.mx\/index.php\/wp-json\/wp\/v2\/tags?post=50042"}],"curies":[{"name":"wp","href":"https:\/\/api.w.org\/{rel}","templated":true}]}}