{"id":50022,"date":"2024-08-02T02:44:59","date_gmt":"2024-08-02T02:44:59","guid":{"rendered":"http:\/\/lahora.mx\/?p=50022"},"modified":"2024-08-02T02:44:59","modified_gmt":"2024-08-02T02:44:59","slug":"mexico-brasil-y-colombia-piden-verificacion-de-los-resultados-de-la-eleccion-en-venezuela","status":"publish","type":"post","link":"https:\/\/lahora.mx\/index.php\/2024\/08\/02\/mexico-brasil-y-colombia-piden-verificacion-de-los-resultados-de-la-eleccion-en-venezuela\/","title":{"rendered":"M\u00e9xico, Brasil y Colombia piden verificaci\u00f3n de los resultados de la elecci\u00f3n en Venezuela"},"content":{"rendered":"\n<p>Luego de la conversaci\u00f3n telef\u00f3nica entre los presidentes Andr\u00e9s Manuel L\u00f3pez Obrador, Lula da Silva y Gustavo Petro, en la que trataron la crisis post electoral en Venezuela, los gobiernos de M\u00e9xico, Brasil y Colombia, hicieron un llamado a las autoridades electorales de este pa\u00eds \u201cpara que avancen de forma expedita y den a conocer p\u00fablicamente los datos desglosados por mesa de votaci\u00f3n de la elecci\u00f3n presidencial registrada el pasado domingo.<\/p>\n\n\n\n<p>Expresaron su solidaridad con el pueblo venezolano que acudi\u00f3 masivamente a las urnas<\/p>\n\n\n\n<p>Tambi\u00e9n, exhortaron a que las controversias sobre el proceso electoral sean dirimidas por la v\u00eda institucional.<\/p>\n\n\n\n<p>\u201cEl principio fundamental de la soberan\u00eda popular debe ser respetado mediante la verificaci\u00f3n imparcial de los resultados.<\/p>\n\n\n\n<p>\u201cEn ese contexto, hacemos un llamado a los actores pol\u00edticos y sociales a ejercer la m\u00e1xima cautela y contenci\u00f3n en sus manifestaciones y eventos p\u00fablicos con el fin de evitar una escalada de episodios violentos\u201d.<\/p>\n\n\n\n<p>Los mandatarios coincidieron en la prioridad de mantener la paz social y proteger las vidas humanas durante este episodio en el pa\u00eds sudamericano.<\/p>\n\n\n\n<p>\u201cSea esta la oportunidad para expresar, nuevamente, nuestro absoluto respeto por la soberan\u00eda de la voluntad del pueblo de Venezuela.<\/p>\n\n\n\n<p>Los tres pa\u00edses reiteraron su disposici\u00f3n para apoyar los esfuerzos de di\u00e1logo y b\u00fasqueda de acuerdos que beneficien al pueblo venezolano.<\/p>\n\n\n\n<p>Luego de este comunicado conjunto, el presidente Petro de Colombia inform\u00f3 que habl\u00f3 con su hom\u00f3logo de Chile, Gabriel Boric \u201cpara fortalecer este grupo latinoamericano\u201d.<\/p>\n","protected":false},"excerpt":{"rendered":"<p>Luego de la conversaci\u00f3n telef\u00f3nica entre los presidentes Andr\u00e9s Manuel L\u00f3pez Obrador, Lula da Silva y Gustavo Petro, en la que trataron la crisis post electoral en Venezuela, los gobiernos de M\u00e9xico, Brasil y Colombia, hicieron un llamado a las autoridades electorales de este pa\u00eds \u201cpara que avancen de forma expedita y den a conocer [&hellip;]<\/p>\n","protected":false},"author":4,"featured_media":50023,"comment_status":"open","ping_status":"open","sticky":false,"template":"","format":"standard","meta":{"om_disable_all_campaigns":false,"_monsterinsights_skip_tracking":false,"_monsterinsights_sitenote_active":false,"_monsterinsights_sitenote_note":"","_monsterinsights_sitenote_category":0,"footnotes":""},"categories":[183,176],"tags":[],"class_list":["post-50022","post","type-post","status-publish","format-standard","has-post-thumbnail","hentry","category-internacional","category-nacional"],"amp_enabled":true,"_links":{"self":[{"href":"https:\/\/lahora.mx\/index.php\/wp-json\/wp\/v2\/posts\/50022","targetHints":{"allow":["GET"]}}],"collection":[{"href":"https:\/\/lahora.mx\/index.php\/wp-json\/wp\/v2\/posts"}],"about":[{"href":"https:\/\/lahora.mx\/index.php\/wp-json\/wp\/v2\/types\/post"}],"author":[{"embeddable":true,"href":"https:\/\/lahora.mx\/index.php\/wp-json\/wp\/v2\/users\/4"}],"replies":[{"embeddable":true,"href":"https:\/\/lahora.mx\/index.php\/wp-json\/wp\/v2\/comments?post=50022"}],"version-history":[{"count":1,"href":"https:\/\/lahora.mx\/index.php\/wp-json\/wp\/v2\/posts\/50022\/revisions"}],"predecessor-version":[{"id":50024,"href":"https:\/\/lahora.mx\/index.php\/wp-json\/wp\/v2\/posts\/50022\/revisions\/50024"}],"wp:featuredmedia":[{"embeddable":true,"href":"https:\/\/lahora.mx\/index.php\/wp-json\/wp\/v2\/media\/50023"}],"wp:attachment":[{"href":"https:\/\/lahora.mx\/index.php\/wp-json\/wp\/v2\/media?parent=50022"}],"wp:term":[{"taxonomy":"category","embeddable":true,"href":"https:\/\/lahora.mx\/index.php\/wp-json\/wp\/v2\/categories?post=50022"},{"taxonomy":"post_tag","embeddable":true,"href":"https:\/\/lahora.mx\/index.php\/wp-json\/wp\/v2\/tags?post=50022"}],"curies":[{"name":"wp","href":"https:\/\/api.w.org\/{rel}","templated":true}]}}