{"id":49933,"date":"2024-07-31T18:22:14","date_gmt":"2024-07-31T18:22:14","guid":{"rendered":"http:\/\/lahora.mx\/?p=49933"},"modified":"2024-07-31T18:22:15","modified_gmt":"2024-07-31T18:22:15","slug":"ismail-haniyeh-lider-politico-de-hamas-muere-en-teheran","status":"publish","type":"post","link":"https:\/\/lahora.mx\/index.php\/2024\/07\/31\/ismail-haniyeh-lider-politico-de-hamas-muere-en-teheran\/","title":{"rendered":"Ismail Haniyeh, lider pol\u00edtico de Ham\u00e1s muere en Teher\u00e1n"},"content":{"rendered":"\n<p>El jefe del Bur\u00f3 Pol\u00edtico de Ham\u00e1s, Ismail Haniyeh, y uno de sus guardaespaldas, murieron en Teher\u00e1n, la capital iran\u00ed, inform\u00f3 el Cuerpo de la Guardia Revolucionaria Isl\u00e1mica (IRGC, siglas en ingl\u00e9s) de Ir\u00e1n.<\/p>\n\n\n\n<p>Haniyeh y su guardaespaldas fallecieron a primera hora del mi\u00e9rcoles 30 de julio en un ataque contra su residencia en Teher\u00e1n, seg\u00fan un comunicado publicado en Sepah News, medio de comunicaci\u00f3n oficial del IRGC.<\/p>\n\n\n\n<p>El texto a\u00f1ade que se est\u00e1 investigando el atentado y que los resultados se anunciar\u00e1n m\u00e1s adelante.<\/p>\n\n\n\n<p>El Movimiento de Resistencia Isl\u00e1mica (Ham\u00e1s) confirm\u00f3 la muerte de su l\u00edder, afirmando que Haniyeh hab\u00eda sido asesinado por un ataque israel\u00ed en Ir\u00e1n.<\/p>\n\n\n\n<p>En un comunicado de prensa, Ham\u00e1s declar\u00f3 que \u00abllora al pueblo palestino, a la naci\u00f3n \u00e1rabe e isl\u00e1mica y a los pueblos libres del mundo\u00bb, tras la muerte de su l\u00edder Ismail Haniyeh en un asalto israel\u00ed a su residencia en Teher\u00e1n.<\/p>\n\n\n\n<p>Haniyeh se encontraba en la capital iran\u00ed para asistir el martes a la ceremonia de investidura del presidente iran\u00ed, Masoud Pezeshkian.<\/p>\n\n\n\n<p>Tambi\u00e9n estaba previsto que discutiera con el presidente iran\u00ed los acontecimientos pol\u00edticos y sobre el terreno relacionados con el conflicto entre Palestina e Israel en la Franja de Gaza, dijo a Xinhua una fuente cercana a Ham\u00e1s.<\/p>\n\n\n\n<p>De momento, el Ej\u00e9rcito israel\u00ed a\u00fan no ha hecho ning\u00fan comentario al respecto.<\/p>\n\n\n\n<p>Desde el 7 de octubre del a\u00f1o pasado, Israel ha lanzado un ataque a gran escala contra Ham\u00e1s.<\/p>\n\n\n\n<p>Seg\u00fan las autoridades sanitarias de Gaza, la ofensiva israel\u00ed ha causado la muerte de m\u00e1s de 38 mil palestinos en el enclave, mientras que la ONU calcula que casi dos millones de personas han sido desplazadas.<\/p>\n","protected":false},"excerpt":{"rendered":"<p>El jefe del Bur\u00f3 Pol\u00edtico de Ham\u00e1s, Ismail Haniyeh, y uno de sus guardaespaldas, murieron en Teher\u00e1n, la capital iran\u00ed, inform\u00f3 el Cuerpo de la Guardia Revolucionaria Isl\u00e1mica (IRGC, siglas en ingl\u00e9s) de Ir\u00e1n. Haniyeh y su guardaespaldas fallecieron a primera hora del mi\u00e9rcoles 30 de julio en un ataque contra su residencia en Teher\u00e1n, [&hellip;]<\/p>\n","protected":false},"author":4,"featured_media":49934,"comment_status":"open","ping_status":"open","sticky":false,"template":"","format":"standard","meta":{"om_disable_all_campaigns":false,"_monsterinsights_skip_tracking":false,"_monsterinsights_sitenote_active":false,"_monsterinsights_sitenote_note":"","_monsterinsights_sitenote_category":0,"footnotes":""},"categories":[183],"tags":[],"class_list":["post-49933","post","type-post","status-publish","format-standard","has-post-thumbnail","hentry","category-internacional"],"amp_enabled":true,"_links":{"self":[{"href":"https:\/\/lahora.mx\/index.php\/wp-json\/wp\/v2\/posts\/49933","targetHints":{"allow":["GET"]}}],"collection":[{"href":"https:\/\/lahora.mx\/index.php\/wp-json\/wp\/v2\/posts"}],"about":[{"href":"https:\/\/lahora.mx\/index.php\/wp-json\/wp\/v2\/types\/post"}],"author":[{"embeddable":true,"href":"https:\/\/lahora.mx\/index.php\/wp-json\/wp\/v2\/users\/4"}],"replies":[{"embeddable":true,"href":"https:\/\/lahora.mx\/index.php\/wp-json\/wp\/v2\/comments?post=49933"}],"version-history":[{"count":1,"href":"https:\/\/lahora.mx\/index.php\/wp-json\/wp\/v2\/posts\/49933\/revisions"}],"predecessor-version":[{"id":49935,"href":"https:\/\/lahora.mx\/index.php\/wp-json\/wp\/v2\/posts\/49933\/revisions\/49935"}],"wp:featuredmedia":[{"embeddable":true,"href":"https:\/\/lahora.mx\/index.php\/wp-json\/wp\/v2\/media\/49934"}],"wp:attachment":[{"href":"https:\/\/lahora.mx\/index.php\/wp-json\/wp\/v2\/media?parent=49933"}],"wp:term":[{"taxonomy":"category","embeddable":true,"href":"https:\/\/lahora.mx\/index.php\/wp-json\/wp\/v2\/categories?post=49933"},{"taxonomy":"post_tag","embeddable":true,"href":"https:\/\/lahora.mx\/index.php\/wp-json\/wp\/v2\/tags?post=49933"}],"curies":[{"name":"wp","href":"https:\/\/api.w.org\/{rel}","templated":true}]}}