{"id":49926,"date":"2024-07-31T15:38:13","date_gmt":"2024-07-31T15:38:13","guid":{"rendered":"http:\/\/lahora.mx\/?p=49926"},"modified":"2024-07-31T15:38:13","modified_gmt":"2024-07-31T15:38:13","slug":"la-nueva-reforma-al-poder-judicial-propone-revocacion-contra-jueces-y-ministros","status":"publish","type":"post","link":"https:\/\/lahora.mx\/index.php\/2024\/07\/31\/la-nueva-reforma-al-poder-judicial-propone-revocacion-contra-jueces-y-ministros\/","title":{"rendered":"La nueva Reforma al Poder Judicial propone revocaci\u00f3n contra jueces y ministros"},"content":{"rendered":"\n<p>Se llev\u00f3 a cabo el s\u00e9ptimo di\u00e1logo nacional sobre la Reforma al Poder Judicial, en donde participaron diferentes personalidades; la ministra Yasm\u00edn Esquivel Mossa propuso que magistrados y jueces de distrito en funciones puedan ser revocados de su cargo en votaciones populares.<\/p>\n\n\n\n<p>Se\u00f1al\u00f3 que deber\u00eda establecerse a la propuesta un art\u00edculo transitorio en el que los funcionarios referidos participen en una jornada electoral de revocaci\u00f3n del cargo dentro de la circunscripci\u00f3n donde se desempe\u00f1an a fin de revocar su nombramiento si lo determina la mayor\u00eda ciudadana.<\/p>\n\n\n\n<p>En la discusi\u00f3n que se realiz\u00f3 el 30 de julio, propuso que aquelos que est\u00e9n laborando en diferentes \u00f3rganos jurisdiccionales puedan acceder a procesos de elecci\u00f3n popular de forma prioritaria, siempre y cuando cumplan los requisitos previstos en el art\u00edculo 97 de la iniciativa.<br>Sobre la elecci\u00f3n de ministros y jueces por voto popular, el diputado Ignacio Mier Velazco, asevero que en el proceso de elecci\u00f3n de jueces y magistrados se garantiza la participaci\u00f3n ciudadana, as\u00ed como la autonom\u00eda e independencia del Poder Judicial.<\/p>\n\n\n\n<p>Guadalupe Taddei Zavala, consejera presidenta del Instituto Nacional Electoral (INE), asegur\u00f3 que el organismo a su cargo trabajar\u00e1 para organizar la elecci\u00f3n de juzgadores en los t\u00e9rminos que determine el Poder Legislativo, en relaci\u00f3n con la propuesta de iniciativa en materia de reforma.<\/p>\n\n\n\n<p>\u201cEl INE es un organismo especializado en organizaci\u00f3n de procesos electorales, pero para eso requerimos tener elementos para que esto sea altamente exitoso\u201d, expres\u00f3 Taddei durante su participaci\u00f3n en el s\u00e9ptimo foro de la Reforma Judicial.<\/p>\n\n\n\n<p>Juan Luis Gonz\u00e1lez Alc\u00e1ntara Carranca, ministro de la Suprema Corte de Justicia de la Naci\u00f3n propuso que con voto popular se eval\u00fae el desempe\u00f1o de las personas juzgadoras; \u201cusemos las urnas para decidir si los jueces y magistrados han realizado satisfactoriamente su trabajo y si deban de permanecer en el cargo, o bien, ser removidos\u201d.<br>La ministra Lenia Batres Guadarrama destac\u00f3 que en algunos pa\u00edses la ciudadan\u00eda ya participa para la elecci\u00f3n de jueces y ministros; asegur\u00f3 que en Jap\u00f3n los ministros est\u00e1n sujetos a revocaci\u00f3n popular y en Suiza los jueces son electos por la ciudan\u00eda.<\/p>\n\n\n\n<p>\u201cEn una rep\u00fablica soberana, democr\u00e1tica, popular como la nuestra, la democracia es la \u00fanica forma en que el pueblo realiza plenamente su soberan\u00eda; solo tiranos le temen\u201d, sentenci\u00f3.<\/p>\n","protected":false},"excerpt":{"rendered":"<p>Se llev\u00f3 a cabo el s\u00e9ptimo di\u00e1logo nacional sobre la Reforma al Poder Judicial, en donde participaron diferentes personalidades; la ministra Yasm\u00edn Esquivel Mossa propuso que magistrados y jueces de distrito en funciones puedan ser revocados de su cargo en votaciones populares. Se\u00f1al\u00f3 que deber\u00eda establecerse a la propuesta un art\u00edculo transitorio en el que [&hellip;]<\/p>\n","protected":false},"author":4,"featured_media":49928,"comment_status":"open","ping_status":"open","sticky":false,"template":"","format":"standard","meta":{"om_disable_all_campaigns":false,"_monsterinsights_skip_tracking":false,"_monsterinsights_sitenote_active":false,"_monsterinsights_sitenote_note":"","_monsterinsights_sitenote_category":0,"footnotes":""},"categories":[176,1],"tags":[223],"class_list":["post-49926","post","type-post","status-publish","format-standard","has-post-thumbnail","hentry","category-nacional","category-sin-categoria","tag-puebla"],"amp_enabled":true,"_links":{"self":[{"href":"https:\/\/lahora.mx\/index.php\/wp-json\/wp\/v2\/posts\/49926","targetHints":{"allow":["GET"]}}],"collection":[{"href":"https:\/\/lahora.mx\/index.php\/wp-json\/wp\/v2\/posts"}],"about":[{"href":"https:\/\/lahora.mx\/index.php\/wp-json\/wp\/v2\/types\/post"}],"author":[{"embeddable":true,"href":"https:\/\/lahora.mx\/index.php\/wp-json\/wp\/v2\/users\/4"}],"replies":[{"embeddable":true,"href":"https:\/\/lahora.mx\/index.php\/wp-json\/wp\/v2\/comments?post=49926"}],"version-history":[{"count":2,"href":"https:\/\/lahora.mx\/index.php\/wp-json\/wp\/v2\/posts\/49926\/revisions"}],"predecessor-version":[{"id":49929,"href":"https:\/\/lahora.mx\/index.php\/wp-json\/wp\/v2\/posts\/49926\/revisions\/49929"}],"wp:featuredmedia":[{"embeddable":true,"href":"https:\/\/lahora.mx\/index.php\/wp-json\/wp\/v2\/media\/49928"}],"wp:attachment":[{"href":"https:\/\/lahora.mx\/index.php\/wp-json\/wp\/v2\/media?parent=49926"}],"wp:term":[{"taxonomy":"category","embeddable":true,"href":"https:\/\/lahora.mx\/index.php\/wp-json\/wp\/v2\/categories?post=49926"},{"taxonomy":"post_tag","embeddable":true,"href":"https:\/\/lahora.mx\/index.php\/wp-json\/wp\/v2\/tags?post=49926"}],"curies":[{"name":"wp","href":"https:\/\/api.w.org\/{rel}","templated":true}]}}