{"id":49889,"date":"2024-07-31T01:24:33","date_gmt":"2024-07-31T01:24:33","guid":{"rendered":"http:\/\/lahora.mx\/?p=49889"},"modified":"2024-07-31T01:24:33","modified_gmt":"2024-07-31T01:24:33","slug":"cientos-de-pobladores-de-chenalho-chiapas-huyen-por-ataques-de-grupo-armado","status":"publish","type":"post","link":"https:\/\/lahora.mx\/index.php\/2024\/07\/31\/cientos-de-pobladores-de-chenalho-chiapas-huyen-por-ataques-de-grupo-armado\/","title":{"rendered":"Cientos de pobladores de Chenalh\u00f3 Chiapas, huyen por ataques de grupo armado"},"content":{"rendered":"\n<p>Cientos de lugare\u00f1os de la comunidad La Esperanza en Chenalh\u00f3, dejaron sus viviendas este martes despu\u00e9s de que integrantes del grupo armado Los Herrera dispararon contra ese poblado.<\/p>\n\n\n\n<p>Habitantes de la zona denunciaron que debido a los disparos de armas de fuego se produjo la huida, aunque no se reportaron lesionados.<\/p>\n\n\n\n<p>Se trata de 800 personas, aproximadamente, ni\u00f1os y mujeres la mayor\u00eda, quienes se desplazaron de La Esperanza, indicaron los denunciantes.<\/p>\n\n\n\n<p>De acuerdo con esos testimonios, los agresores empezaron a \u00abtirar los balazos desde las 5 de la ma\u00f1ana. La gente observ\u00f3 que entraron unas 200 personas armadas vestidas de verde, con cubrebocas en forma de calavera.<\/p>\n\n\n\n<p>Atacaron y hasta las 11 de la ma\u00f1ana \u00absegu\u00edan tirando balazos \u00bb en la zona\u00bb. Afirmaron que estaban \u00bb tirando directamente contra la comunidad y hacia otros puntos como Acteal Alto\u201d.<\/p>\n\n\n\n<p>Algunos de los desplazados, precisaron los denunciantes, \u00abse est\u00e1n dirigiendo\u00bb a la cabecera de Chenalh\u00f3, a otros poblados, los dem\u00e1s van\u00bb hacia las monta\u00f1as\u00bb.<\/p>\n\n\n\n<p>La Esperanza colinda con el municipio de Pantelh\u00f3, donde operan Los Herrera, que desde julio de 2021 disputan el poder pol\u00edtico de la zona con las autodefensas de ese pueblo El Machete, a trav\u00e9s de uno de sus grupos mantiene la hegemon\u00eda en Pantelh\u00f3 mediante un concejo municipal.<\/p>\n\n\n\n<p>En Pantelh\u00f3, al igual que los municipios de Chicomuselo y Capit\u00e1n Luis A. Vidal, se tienen programados comicios extraordinarios para el 25 de agosto.<\/p>\n\n\n\n<p>Lee tambi\u00e9n Ataque armado a vivienda deja saldo de un muerto y 6 migrantes heridos en Chiapas<\/p>\n\n\n\n<p>A causa de la violencia criminal y pol\u00edtica fueron suspendidas las elecciones del 2 de junio pasado.<\/p>\n","protected":false},"excerpt":{"rendered":"<p>Cientos de lugare\u00f1os de la comunidad La Esperanza en Chenalh\u00f3, dejaron sus viviendas este martes despu\u00e9s de que integrantes del grupo armado Los Herrera dispararon contra ese poblado. Habitantes de la zona denunciaron que debido a los disparos de armas de fuego se produjo la huida, aunque no se reportaron lesionados. Se trata de 800 [&hellip;]<\/p>\n","protected":false},"author":4,"featured_media":49890,"comment_status":"open","ping_status":"open","sticky":false,"template":"","format":"standard","meta":{"om_disable_all_campaigns":false,"_monsterinsights_skip_tracking":false,"_monsterinsights_sitenote_active":false,"_monsterinsights_sitenote_note":"","_monsterinsights_sitenote_category":0,"footnotes":""},"categories":[176,226],"tags":[223],"class_list":["post-49889","post","type-post","status-publish","format-standard","has-post-thumbnail","hentry","category-nacional","category-policia","tag-puebla"],"amp_enabled":true,"_links":{"self":[{"href":"https:\/\/lahora.mx\/index.php\/wp-json\/wp\/v2\/posts\/49889","targetHints":{"allow":["GET"]}}],"collection":[{"href":"https:\/\/lahora.mx\/index.php\/wp-json\/wp\/v2\/posts"}],"about":[{"href":"https:\/\/lahora.mx\/index.php\/wp-json\/wp\/v2\/types\/post"}],"author":[{"embeddable":true,"href":"https:\/\/lahora.mx\/index.php\/wp-json\/wp\/v2\/users\/4"}],"replies":[{"embeddable":true,"href":"https:\/\/lahora.mx\/index.php\/wp-json\/wp\/v2\/comments?post=49889"}],"version-history":[{"count":1,"href":"https:\/\/lahora.mx\/index.php\/wp-json\/wp\/v2\/posts\/49889\/revisions"}],"predecessor-version":[{"id":49891,"href":"https:\/\/lahora.mx\/index.php\/wp-json\/wp\/v2\/posts\/49889\/revisions\/49891"}],"wp:featuredmedia":[{"embeddable":true,"href":"https:\/\/lahora.mx\/index.php\/wp-json\/wp\/v2\/media\/49890"}],"wp:attachment":[{"href":"https:\/\/lahora.mx\/index.php\/wp-json\/wp\/v2\/media?parent=49889"}],"wp:term":[{"taxonomy":"category","embeddable":true,"href":"https:\/\/lahora.mx\/index.php\/wp-json\/wp\/v2\/categories?post=49889"},{"taxonomy":"post_tag","embeddable":true,"href":"https:\/\/lahora.mx\/index.php\/wp-json\/wp\/v2\/tags?post=49889"}],"curies":[{"name":"wp","href":"https:\/\/api.w.org\/{rel}","templated":true}]}}