{"id":49880,"date":"2024-07-31T01:13:37","date_gmt":"2024-07-31T01:13:37","guid":{"rendered":"http:\/\/lahora.mx\/?p=49880"},"modified":"2024-07-31T01:13:38","modified_gmt":"2024-07-31T01:13:38","slug":"fuerte-choque-entre-motociclista-y-un-auto-en-la-calzada-zaragoza","status":"publish","type":"post","link":"https:\/\/lahora.mx\/index.php\/2024\/07\/31\/fuerte-choque-entre-motociclista-y-un-auto-en-la-calzada-zaragoza\/","title":{"rendered":"Fuerte choque entre motociclista y un auto en la calzada Zaragoza"},"content":{"rendered":"\n<p>Un motociclista perdi\u00f3 dos dedos de una mano tras chocar contra un veh\u00edculo particular en la zona de la Calzada Ignacio Zaragoza, donde presuntamente el lesionado dio vuelta prohibida e invadi\u00f3 el carril del metrob\u00fas.<\/p>\n\n\n\n<p>De acuerdo la grabaci\u00f3n de c\u00e1maras de vigilancia, el motociclista transitaba junto con una mujer a bordo de una unidad Italika, color gris, sobre la Diagonal Defensores de la Rep\u00fablica con direcci\u00f3n a la China Poblana.<\/p>\n\n\n\n<p>Al tratar de incorporarse a la Calzada Ignacio Zaragoza dio vuelta prohibida a la izquierda de tal manera que choc\u00f3 contra el costado izquierdo de un autom\u00f3vil Chevrolet, Chevy, color rojo.<\/p>\n\n\n\n<p>El veh\u00edculo particular termin\u00f3 con diversos da\u00f1os pero el motociclista y su acompa\u00f1ante se llevaron la peor parte ya que salieron proyectados contra el piso mientras que sus casos de seguridad se zafaron de la cabeza.<\/p>\n\n\n\n<p>Param\u00e9dicos se trasladaron al lugar para revisar a los heridos. Durante la atenci\u00f3n de los socorristas estos establecieron que el hombre de 30 a\u00f1os sufri\u00f3 amputaci\u00f3n del tercer y cuarto dedo de su mano izquierda, por lo que al igual que la mujer que iba con \u00e9l, fue llevado a un hospital y as\u00ed continuar con su atenci\u00f3n especializada.<\/p>\n","protected":false},"excerpt":{"rendered":"<p>Un motociclista perdi\u00f3 dos dedos de una mano tras chocar contra un veh\u00edculo particular en la zona de la Calzada Ignacio Zaragoza, donde presuntamente el lesionado dio vuelta prohibida e invadi\u00f3 el carril del metrob\u00fas. De acuerdo la grabaci\u00f3n de c\u00e1maras de vigilancia, el motociclista transitaba junto con una mujer a bordo de una unidad [&hellip;]<\/p>\n","protected":false},"author":4,"featured_media":49881,"comment_status":"open","ping_status":"open","sticky":false,"template":"","format":"standard","meta":{"om_disable_all_campaigns":false,"_monsterinsights_skip_tracking":false,"_monsterinsights_sitenote_active":false,"_monsterinsights_sitenote_note":"","_monsterinsights_sitenote_category":0,"footnotes":""},"categories":[175,226],"tags":[223],"class_list":["post-49880","post","type-post","status-publish","format-standard","has-post-thumbnail","hentry","category-local","category-policia","tag-puebla"],"amp_enabled":true,"_links":{"self":[{"href":"https:\/\/lahora.mx\/index.php\/wp-json\/wp\/v2\/posts\/49880","targetHints":{"allow":["GET"]}}],"collection":[{"href":"https:\/\/lahora.mx\/index.php\/wp-json\/wp\/v2\/posts"}],"about":[{"href":"https:\/\/lahora.mx\/index.php\/wp-json\/wp\/v2\/types\/post"}],"author":[{"embeddable":true,"href":"https:\/\/lahora.mx\/index.php\/wp-json\/wp\/v2\/users\/4"}],"replies":[{"embeddable":true,"href":"https:\/\/lahora.mx\/index.php\/wp-json\/wp\/v2\/comments?post=49880"}],"version-history":[{"count":1,"href":"https:\/\/lahora.mx\/index.php\/wp-json\/wp\/v2\/posts\/49880\/revisions"}],"predecessor-version":[{"id":49882,"href":"https:\/\/lahora.mx\/index.php\/wp-json\/wp\/v2\/posts\/49880\/revisions\/49882"}],"wp:featuredmedia":[{"embeddable":true,"href":"https:\/\/lahora.mx\/index.php\/wp-json\/wp\/v2\/media\/49881"}],"wp:attachment":[{"href":"https:\/\/lahora.mx\/index.php\/wp-json\/wp\/v2\/media?parent=49880"}],"wp:term":[{"taxonomy":"category","embeddable":true,"href":"https:\/\/lahora.mx\/index.php\/wp-json\/wp\/v2\/categories?post=49880"},{"taxonomy":"post_tag","embeddable":true,"href":"https:\/\/lahora.mx\/index.php\/wp-json\/wp\/v2\/tags?post=49880"}],"curies":[{"name":"wp","href":"https:\/\/api.w.org\/{rel}","templated":true}]}}