{"id":49877,"date":"2024-07-31T01:08:25","date_gmt":"2024-07-31T01:08:25","guid":{"rendered":"http:\/\/lahora.mx\/?p=49877"},"modified":"2024-07-31T01:08:25","modified_gmt":"2024-07-31T01:08:25","slug":"revocan-la-notaria-2-de-xicotepec-a-ignacio-valencia-monje","status":"publish","type":"post","link":"https:\/\/lahora.mx\/index.php\/2024\/07\/31\/revocan-la-notaria-2-de-xicotepec-a-ignacio-valencia-monje\/","title":{"rendered":"Revocan la notar\u00eda 2 de Xicotepec a Ignacio Valencia Monje"},"content":{"rendered":"\n<p>El gobierno estatal declar\u00f3 vacante la notaria 2 del distrito judicial de Xicotepec de Ju\u00e1rez, luego de cesar de sus funciones de notario a Jos\u00e9 Ignacio Valencia Monje, a manera de sanci\u00f3n por una queja de tipo administrativa que fue presentada en su contra en febrero de 2021, de acuerdo con un acuerdo publicado en el Peri\u00f3dico Oficial del Estado (POE).<\/p>\n\n\n\n<p>El documento detalla que Valencia hab\u00eda obtenido la titularidad de la notar\u00eda en diciembre de 2010, sin embargo, el 3 de febrero de 2021 fue recibida una queja administrativa en su contra en la Direcci\u00f3n de Notar\u00edas de la Direcci\u00f3n General del Notariado de la Consejer\u00eda Jur\u00eddica del Estado de Puebla, aunque no se especifican los motivos.<\/p>\n\n\n\n<p>El acuerdo describe que el doce de abril del a\u00f1o 2024 se resolvi\u00f3 dicha queja, radicada con el n\u00famero 18\/2021, por la cual, se impuso una sanci\u00f3n consistente en el cese del ejercicio de la funci\u00f3n notarial y, en consecuencia, la revocaci\u00f3n de la patente.<br>La sanci\u00f3n descrita fue notificada al ahora ex notario el pasado 18 de abril y surti\u00f3 efecto desde el pasado 26 de junio, por lo que una vez que Jos\u00e9 Ignacio Varela ha dejado sus funciones se procedi\u00f3 a declarar vacante la notar\u00eda a trav\u00e9s de la publicaci\u00f3n del acuerdo en el POE.<\/p>\n\n\n\n<p>Apenas ayer el gobernador, Sergio Salom\u00f3n C\u00e9spedes Peregrina, adelant\u00f3 que no pretende crear nuevas notarias al cierre de su gesti\u00f3n, como ha ocurrido al t\u00e9rmino de pasados gobiernos, ya que s\u00f3lo realizar\u00e1 los ajustes necesarios en funci\u00f3n de las existentes.<\/p>\n\n\n\n<p>C\u00e9spedes se\u00f1al\u00f3 que s\u00f3lo si hubiera vacantes, como en el caso de la notaria 2 de Xicotepec, se proceder\u00eda a realizar la sustituci\u00f3n del notario y, en caso de que el an\u00e1lisis del servicio notarial indicara que se necesitan m\u00e1s, se habilitar\u00edan, aunque consider\u00f3 que s\u00f3lo podr\u00eda ser una.<\/p>\n","protected":false},"excerpt":{"rendered":"<p>El gobierno estatal declar\u00f3 vacante la notaria 2 del distrito judicial de Xicotepec de Ju\u00e1rez, luego de cesar de sus funciones de notario a Jos\u00e9 Ignacio Valencia Monje, a manera de sanci\u00f3n por una queja de tipo administrativa que fue presentada en su contra en febrero de 2021, de acuerdo con un acuerdo publicado en [&hellip;]<\/p>\n","protected":false},"author":4,"featured_media":49878,"comment_status":"open","ping_status":"open","sticky":false,"template":"","format":"standard","meta":{"om_disable_all_campaigns":false,"_monsterinsights_skip_tracking":false,"_monsterinsights_sitenote_active":false,"_monsterinsights_sitenote_note":"","_monsterinsights_sitenote_category":0,"footnotes":""},"categories":[175],"tags":[223],"class_list":["post-49877","post","type-post","status-publish","format-standard","has-post-thumbnail","hentry","category-local","tag-puebla"],"amp_enabled":true,"_links":{"self":[{"href":"https:\/\/lahora.mx\/index.php\/wp-json\/wp\/v2\/posts\/49877","targetHints":{"allow":["GET"]}}],"collection":[{"href":"https:\/\/lahora.mx\/index.php\/wp-json\/wp\/v2\/posts"}],"about":[{"href":"https:\/\/lahora.mx\/index.php\/wp-json\/wp\/v2\/types\/post"}],"author":[{"embeddable":true,"href":"https:\/\/lahora.mx\/index.php\/wp-json\/wp\/v2\/users\/4"}],"replies":[{"embeddable":true,"href":"https:\/\/lahora.mx\/index.php\/wp-json\/wp\/v2\/comments?post=49877"}],"version-history":[{"count":1,"href":"https:\/\/lahora.mx\/index.php\/wp-json\/wp\/v2\/posts\/49877\/revisions"}],"predecessor-version":[{"id":49879,"href":"https:\/\/lahora.mx\/index.php\/wp-json\/wp\/v2\/posts\/49877\/revisions\/49879"}],"wp:featuredmedia":[{"embeddable":true,"href":"https:\/\/lahora.mx\/index.php\/wp-json\/wp\/v2\/media\/49878"}],"wp:attachment":[{"href":"https:\/\/lahora.mx\/index.php\/wp-json\/wp\/v2\/media?parent=49877"}],"wp:term":[{"taxonomy":"category","embeddable":true,"href":"https:\/\/lahora.mx\/index.php\/wp-json\/wp\/v2\/categories?post=49877"},{"taxonomy":"post_tag","embeddable":true,"href":"https:\/\/lahora.mx\/index.php\/wp-json\/wp\/v2\/tags?post=49877"}],"curies":[{"name":"wp","href":"https:\/\/api.w.org\/{rel}","templated":true}]}}