{"id":49874,"date":"2024-07-31T01:04:00","date_gmt":"2024-07-31T01:04:00","guid":{"rendered":"http:\/\/lahora.mx\/?p=49874"},"modified":"2024-07-31T01:04:00","modified_gmt":"2024-07-31T01:04:00","slug":"armenta-y-sergio-salomon-se-reunen-con-autoridades-de-tlaxcala-y-morelos","status":"publish","type":"post","link":"https:\/\/lahora.mx\/index.php\/2024\/07\/31\/armenta-y-sergio-salomon-se-reunen-con-autoridades-de-tlaxcala-y-morelos\/","title":{"rendered":"Armenta y Sergio Salom\u00f3n  se re\u00fanen con autoridades de Tlaxcala y Morelos"},"content":{"rendered":"\n<p>La gobernadora de Tlaxcala, Lorena Cuellar Cisneros y la mandataria electa de Morelos, Margarita Gonz\u00e1lez Saravia estuvieron en Puebla y se reunieron con el titular del ejecutivo, Sergio Salom\u00f3n C\u00e9spedes Peregrina y Alejandro Armenta Mier, quien le relevar\u00e1 en el cargo en diciembre pr\u00f3ximo.<\/p>\n\n\n\n<p>El gobernador de Puebla y su hom\u00f3logo electo difundieron los encuentros a trav\u00e9s de sus respectivas redes sociales e indicaron que tuvieron como finalidad compartir los proyectos que tienen en com\u00fan las entidades, a fin de trabajar coordinadamente en ellos.<br>La gobernadora de Tlaxcala, Lorena Cuellar Cisneros y la mandataria electa de Morelos, Margarita Gonz\u00e1lez Saravia estuvieron en Puebla y se reunieron con el titular del ejecutivo, Sergio Salom\u00f3n C\u00e9spedes Peregrina y Alejandro Armenta Mier, quien le relevar\u00e1 en el cargo en diciembre pr\u00f3ximo.<\/p>\n\n\n\n<p>El gobernador de Puebla y su hom\u00f3logo electo difundieron los encuentros a trav\u00e9s de sus respectivas redes sociales e indicaron que tuvieron como finalidad compartir los proyectos que tienen en com\u00fan las entidades, a fin de trabajar coordinadamente en ellos.<\/p>\n","protected":false},"excerpt":{"rendered":"<p>La gobernadora de Tlaxcala, Lorena Cuellar Cisneros y la mandataria electa de Morelos, Margarita Gonz\u00e1lez Saravia estuvieron en Puebla y se reunieron con el titular del ejecutivo, Sergio Salom\u00f3n C\u00e9spedes Peregrina y Alejandro Armenta Mier, quien le relevar\u00e1 en el cargo en diciembre pr\u00f3ximo. El gobernador de Puebla y su hom\u00f3logo electo difundieron los encuentros [&hellip;]<\/p>\n","protected":false},"author":4,"featured_media":49875,"comment_status":"open","ping_status":"open","sticky":false,"template":"","format":"standard","meta":{"om_disable_all_campaigns":false,"_monsterinsights_skip_tracking":false,"_monsterinsights_sitenote_active":false,"_monsterinsights_sitenote_note":"","_monsterinsights_sitenote_category":0,"footnotes":""},"categories":[175],"tags":[239,195,223,210],"class_list":["post-49874","post","type-post","status-publish","format-standard","has-post-thumbnail","hentry","category-local","tag-gobierno","tag-principal","tag-puebla","tag-tlaxcala"],"amp_enabled":true,"_links":{"self":[{"href":"https:\/\/lahora.mx\/index.php\/wp-json\/wp\/v2\/posts\/49874","targetHints":{"allow":["GET"]}}],"collection":[{"href":"https:\/\/lahora.mx\/index.php\/wp-json\/wp\/v2\/posts"}],"about":[{"href":"https:\/\/lahora.mx\/index.php\/wp-json\/wp\/v2\/types\/post"}],"author":[{"embeddable":true,"href":"https:\/\/lahora.mx\/index.php\/wp-json\/wp\/v2\/users\/4"}],"replies":[{"embeddable":true,"href":"https:\/\/lahora.mx\/index.php\/wp-json\/wp\/v2\/comments?post=49874"}],"version-history":[{"count":1,"href":"https:\/\/lahora.mx\/index.php\/wp-json\/wp\/v2\/posts\/49874\/revisions"}],"predecessor-version":[{"id":49876,"href":"https:\/\/lahora.mx\/index.php\/wp-json\/wp\/v2\/posts\/49874\/revisions\/49876"}],"wp:featuredmedia":[{"embeddable":true,"href":"https:\/\/lahora.mx\/index.php\/wp-json\/wp\/v2\/media\/49875"}],"wp:attachment":[{"href":"https:\/\/lahora.mx\/index.php\/wp-json\/wp\/v2\/media?parent=49874"}],"wp:term":[{"taxonomy":"category","embeddable":true,"href":"https:\/\/lahora.mx\/index.php\/wp-json\/wp\/v2\/categories?post=49874"},{"taxonomy":"post_tag","embeddable":true,"href":"https:\/\/lahora.mx\/index.php\/wp-json\/wp\/v2\/tags?post=49874"}],"curies":[{"name":"wp","href":"https:\/\/api.w.org\/{rel}","templated":true}]}}