{"id":49867,"date":"2024-07-30T18:05:15","date_gmt":"2024-07-30T18:05:15","guid":{"rendered":"http:\/\/lahora.mx\/?p=49867"},"modified":"2024-07-30T18:05:15","modified_gmt":"2024-07-30T18:05:15","slug":"comparecera-el-hijo-del-chapo-guzman-este-martes-en-eu","status":"publish","type":"post","link":"https:\/\/lahora.mx\/index.php\/2024\/07\/30\/comparecera-el-hijo-del-chapo-guzman-este-martes-en-eu\/","title":{"rendered":"Comparecer\u00e1 el hijo del Chapo Guzm\u00e1n este martes en EU"},"content":{"rendered":"\n<p>El narcotraficante Joaqu\u00edn \u201cEl G\u00fcero Moreno\u201d Guzm\u00e1n L\u00f3pez comparecer\u00e1 por vez primera este 30 de julio frente a un tribunal estadunidense donde enfrentar\u00e1 cargos por tr\u00e1fico de narc\u00f3ticos, armas de fuego y lavado de dinero, luego de su captura por autoridades del pa\u00eds vecino del norte el pasado jueves, en compa\u00f1\u00eda de Ismael \u201cEl Mayo\u201d Zambada.<\/p>\n\n\n\n<p>El juicio lo encabezar\u00e1 la jueza Sharon Johnson Coleman y se llevar\u00e1 a cabo en Illinois, Chicago, donde se proceder\u00e1 con la lectura correspondiente de los cargos que actualmente enfrenta el hijo de Joaqu\u00edn Guzm\u00e1n Loera, alias \u201cEl Chapo\u201d, quien cumple cadena perpetua en una prisi\u00f3n de m\u00e1xima seguridad en Colorado.<\/p>\n\n\n\n<p>Al \u201cG\u00fcero Moreno\u201d lo defiende el abogado Jeffrey Lichtman, actual abogado de su hermano, Ovidio \u201cEl Rat\u00f3n\u201d Guzm\u00e1n L\u00f3pez, a quien lo extraditaron en septiembre de 2023 y se encuentra preso en el Centro Correccional Metropolitano de Chicago.<\/p>\n\n\n\n<p>Durante la audiencia qued\u00f3 prohibido el uso equipos celulares, de c\u00f3mputo o fotogr\u00e1fico. Tampoco se permitir\u00e1 a terceros hacer entrevistas o interrumpir de cualquier manera el procedimiento jur\u00eddico dentro de la sala del tribunal.<\/p>\n\n\n\n<p>Joaqu\u00edn Guzm\u00e1n L\u00f3pez, de 30 a\u00f1os, es uno de los cuatro hijos que \u00abEl Chapo\u201d Guzm\u00e1n tuvo con su segunda esposa, Griselda Guadalupe L\u00f3pez, con quien se habr\u00eda casado en la d\u00e9cada de los ochent. Sus hermanos son Ovidio, Edgar, Joaqu\u00edn y Griselda.<\/p>\n\n\n\n<p>Al \u201cG\u00fcero Moreno\u201d y al \u201cMayo\u201d Zambada los aprehendieron autoridades estadounidenses el pasado viernes, cuando ambos llegaron a territorio norteamericano en un vuelo privado. Los abogados de Ismael han acusado que el hijo de \u201cEl Chapo\u201d lo secuestr\u00f3 para lograr su captura.<\/p>\n","protected":false},"excerpt":{"rendered":"<p>El narcotraficante Joaqu\u00edn \u201cEl G\u00fcero Moreno\u201d Guzm\u00e1n L\u00f3pez comparecer\u00e1 por vez primera este 30 de julio frente a un tribunal estadunidense donde enfrentar\u00e1 cargos por tr\u00e1fico de narc\u00f3ticos, armas de fuego y lavado de dinero, luego de su captura por autoridades del pa\u00eds vecino del norte el pasado jueves, en compa\u00f1\u00eda de Ismael \u201cEl Mayo\u201d [&hellip;]<\/p>\n","protected":false},"author":4,"featured_media":49868,"comment_status":"open","ping_status":"open","sticky":false,"template":"","format":"standard","meta":{"om_disable_all_campaigns":false,"_monsterinsights_skip_tracking":false,"_monsterinsights_sitenote_active":false,"_monsterinsights_sitenote_note":"","_monsterinsights_sitenote_category":0,"footnotes":""},"categories":[183,176],"tags":[],"class_list":["post-49867","post","type-post","status-publish","format-standard","has-post-thumbnail","hentry","category-internacional","category-nacional"],"amp_enabled":true,"_links":{"self":[{"href":"https:\/\/lahora.mx\/index.php\/wp-json\/wp\/v2\/posts\/49867","targetHints":{"allow":["GET"]}}],"collection":[{"href":"https:\/\/lahora.mx\/index.php\/wp-json\/wp\/v2\/posts"}],"about":[{"href":"https:\/\/lahora.mx\/index.php\/wp-json\/wp\/v2\/types\/post"}],"author":[{"embeddable":true,"href":"https:\/\/lahora.mx\/index.php\/wp-json\/wp\/v2\/users\/4"}],"replies":[{"embeddable":true,"href":"https:\/\/lahora.mx\/index.php\/wp-json\/wp\/v2\/comments?post=49867"}],"version-history":[{"count":1,"href":"https:\/\/lahora.mx\/index.php\/wp-json\/wp\/v2\/posts\/49867\/revisions"}],"predecessor-version":[{"id":49869,"href":"https:\/\/lahora.mx\/index.php\/wp-json\/wp\/v2\/posts\/49867\/revisions\/49869"}],"wp:featuredmedia":[{"embeddable":true,"href":"https:\/\/lahora.mx\/index.php\/wp-json\/wp\/v2\/media\/49868"}],"wp:attachment":[{"href":"https:\/\/lahora.mx\/index.php\/wp-json\/wp\/v2\/media?parent=49867"}],"wp:term":[{"taxonomy":"category","embeddable":true,"href":"https:\/\/lahora.mx\/index.php\/wp-json\/wp\/v2\/categories?post=49867"},{"taxonomy":"post_tag","embeddable":true,"href":"https:\/\/lahora.mx\/index.php\/wp-json\/wp\/v2\/tags?post=49867"}],"curies":[{"name":"wp","href":"https:\/\/api.w.org\/{rel}","templated":true}]}}