{"id":49861,"date":"2024-07-30T17:44:41","date_gmt":"2024-07-30T17:44:41","guid":{"rendered":"http:\/\/lahora.mx\/?p=49861"},"modified":"2024-07-30T17:44:41","modified_gmt":"2024-07-30T17:44:41","slug":"pronostico-a-detalle-para-este-30-de-julio","status":"publish","type":"post","link":"https:\/\/lahora.mx\/index.php\/2024\/07\/30\/pronostico-a-detalle-para-este-30-de-julio\/","title":{"rendered":"Pron\u00f3stico a detalle para este 30 de julio"},"content":{"rendered":"\n<p>Debido a la presencia de la onda tropical n\u00famero 14 en la zona del Oc\u00e9ano Pac\u00edfico Central y por la temporada de lluvias se esperan pluviales en todo el pa\u00eds que ir\u00e1n de aisladas a muy fuertes, y afectar\u00e1n la capital de Puebla y el interior de la entidad, de acuerdo con el Servicio Meteorol\u00f3gico Nacional (SMN).<\/p>\n\n\n\n<p>Para el clima en Puebla, sus municipios y \u00e1rea metropolitana, se pronostican lluvias muy fuertes y chubascos, con descargas el\u00e9ctricas, posibles granizadas y rachas de vientos de hasta 40 kil\u00f3metros por hora (km\/h); las precipitaciones pueden provocar desbordes en lagunas y r\u00edos.<br>Durante la primera mitad de este martes las zonas que sufrir\u00e1n afectaciones por chubascos, posible granizo y descargas el\u00e9ctricas ser\u00e1n el Valle de Atlixco\u2014Matamoros, la zona de Tehuac\u00e1n\u2014Sierra Negra, as\u00ed como la Mixteca poblana.<\/p>\n\n\n\n<p>Ya entrada la tarde se esperan lluvias de fuerte intensidad, actividad el\u00e9ctrica, rachas de viento fuertes y posibles granizadas en las sierras Negra, Norte y Nororiental, adem\u00e1s del Valle Serd\u00e1n y en la zona angelopolitana.<\/p>\n\n\n\n<p>Para la capital del estado el clima de este martes 30 de julio se pronostica de la siguiente manera.<\/p>\n\n\n\n<p>Temperatura m\u00e1xima: Entre 21 y 22 grados cent\u00edgrados<br>Lluvias: d\u00e9biles y posibles tormentas con acumulados de 0.5 a 2 mil\u00edmetros<br>De manera desglosada y a detalle te presentamos el reporte del clima en Puebla capital, que prev\u00e9 posibles lluvias.<\/p>\n\n\n\n<p>9:00 horas: nubes y claros; temperatura 18 grados; probabilidad de lluvia, 4 por ciento<br>11:00 horas: nublado; temperatura de 21 grados; probabilidad de lluvia, 7 por ciento; radiaci\u00f3n solar extrema<br>13:00 horas: mayormente nublado; temperatura de 24 grados; probabilidad de lluvia, 28 por ciento<br>15:00 horas: por completo nublado; temperatura de 23 grados; probabilidad de lluvia, 35 por ciento<br>17:00 horas: nubes y claros; temperatura de 22 grados; probabilidad de lluvia, 30 por ciento<br>19:00 horas: parcialmente nublado; temperatura de 18 grados; probabilidad de lluvia, 10 por ciento<br>21:00 horas: Nubes y claros; temperatura de 17 grados; probabilidad de lluvia 6 por ciento<\/p>\n","protected":false},"excerpt":{"rendered":"<p>Debido a la presencia de la onda tropical n\u00famero 14 en la zona del Oc\u00e9ano Pac\u00edfico Central y por la temporada de lluvias se esperan pluviales en todo el pa\u00eds que ir\u00e1n de aisladas a muy fuertes, y afectar\u00e1n la capital de Puebla y el interior de la entidad, de acuerdo con el Servicio Meteorol\u00f3gico [&hellip;]<\/p>\n","protected":false},"author":4,"featured_media":49862,"comment_status":"open","ping_status":"open","sticky":false,"template":"","format":"standard","meta":{"om_disable_all_campaigns":false,"_monsterinsights_skip_tracking":false,"_monsterinsights_sitenote_active":false,"_monsterinsights_sitenote_note":"","_monsterinsights_sitenote_category":0,"footnotes":""},"categories":[175],"tags":[195,223],"class_list":["post-49861","post","type-post","status-publish","format-standard","has-post-thumbnail","hentry","category-local","tag-principal","tag-puebla"],"amp_enabled":true,"_links":{"self":[{"href":"https:\/\/lahora.mx\/index.php\/wp-json\/wp\/v2\/posts\/49861","targetHints":{"allow":["GET"]}}],"collection":[{"href":"https:\/\/lahora.mx\/index.php\/wp-json\/wp\/v2\/posts"}],"about":[{"href":"https:\/\/lahora.mx\/index.php\/wp-json\/wp\/v2\/types\/post"}],"author":[{"embeddable":true,"href":"https:\/\/lahora.mx\/index.php\/wp-json\/wp\/v2\/users\/4"}],"replies":[{"embeddable":true,"href":"https:\/\/lahora.mx\/index.php\/wp-json\/wp\/v2\/comments?post=49861"}],"version-history":[{"count":1,"href":"https:\/\/lahora.mx\/index.php\/wp-json\/wp\/v2\/posts\/49861\/revisions"}],"predecessor-version":[{"id":49863,"href":"https:\/\/lahora.mx\/index.php\/wp-json\/wp\/v2\/posts\/49861\/revisions\/49863"}],"wp:featuredmedia":[{"embeddable":true,"href":"https:\/\/lahora.mx\/index.php\/wp-json\/wp\/v2\/media\/49862"}],"wp:attachment":[{"href":"https:\/\/lahora.mx\/index.php\/wp-json\/wp\/v2\/media?parent=49861"}],"wp:term":[{"taxonomy":"category","embeddable":true,"href":"https:\/\/lahora.mx\/index.php\/wp-json\/wp\/v2\/categories?post=49861"},{"taxonomy":"post_tag","embeddable":true,"href":"https:\/\/lahora.mx\/index.php\/wp-json\/wp\/v2\/tags?post=49861"}],"curies":[{"name":"wp","href":"https:\/\/api.w.org\/{rel}","templated":true}]}}