{"id":49846,"date":"2024-07-30T03:27:24","date_gmt":"2024-07-30T03:27:24","guid":{"rendered":"http:\/\/lahora.mx\/?p=49846"},"modified":"2024-07-30T03:27:25","modified_gmt":"2024-07-30T03:27:25","slug":"fieles-catolicos-recibieron-a-nuncio-apostolico-joseph-spiteri-en-tepeaca","status":"publish","type":"post","link":"https:\/\/lahora.mx\/index.php\/2024\/07\/30\/fieles-catolicos-recibieron-a-nuncio-apostolico-joseph-spiteri-en-tepeaca\/","title":{"rendered":"Fieles cat\u00f3licos recibieron a Nuncio Apost\u00f3lico Joseph Spiteri en Tepeaca"},"content":{"rendered":"\n<p>Decenas de fieles de la comunidad de Santiago Acatl\u00e1n, en el municipio de Tepeaca, as\u00ed como de localidades aleda\u00f1as recibieron al Excelent\u00edsimo Nuncio Apost\u00f3lico en M\u00e9xico, Monse\u00f1or Joseph Spiteri, qui\u00e9n camin\u00f3 por sus calles a trav\u00e9s de una peregrinaci\u00f3n hasta la Parroquia de Santiago Ap\u00f3stol donde lo esperaban el Arzobispo de Puebla, V\u00edctor Sanchez Espinosa, el P\u00e1rroco Amando Castro Chiquito y el presidente municipal, Jos\u00e9 Huerta Espinoza.<\/p>\n\n\n\n<p>Durante su recorrido a pie, Spitieri se acercaba a cada una de las personas que lo esperaban afuera de sus casas con una ofrenda en su honor, para otorgarles la bendici\u00f3n.<\/p>\n\n\n\n<p>Al llegar a la parroquia, fue arropado por autoridades estatales y municipales, el encargado de dar el mensaje de bienvenida fue el gobernador de Puebla, Sergio Salom\u00f3n C\u00e9spedes Peregrina, qui\u00e9n recalc\u00f3 que gracias la suma de todos los sectores, con respeto a la libertad de conciencia y de culto, es fundamental para el crecimiento de las comunidades en la entidad.<\/p>\n\n\n\n<p>El Presidente Municipal de Tepeaca, Jos\u00e9 Huerta Espinoza tom\u00f3 la palabra y le mencion\u00f3 que la comunidad de Santiago Acatl\u00e1n, as\u00ed como, todo Tepeaca se han caracterizado por ser un municipio donde tienen historia, cultura y tradiciones siempre encaminadas de mano con la fe, asimismo, le otorg\u00f3 una copia de la c\u00e9dula real de Tepeaca, la cual se da solo a visitantes distinguidos.<\/p>\n\n\n\n<p>En representaci\u00f3n de la comunidad cat\u00f3lica en Puebla, el Presb\u00edtero Hugo Reyes V\u00e1zquez, Vicario Episcopal mencion\u00f3 que su llegada a la entidad es s\u00edmbolo de fe y alegr\u00eda, adem\u00e1s, agreg\u00f3 que la comunidad cat\u00f3lica se siente contenta con su llegada.<\/p>\n\n\n\n<p>Finalmente, a un costado de la parroquia de Santiago Ap\u00f3stol fue develada una placa conmemorativa de su visita.<\/p>\n\n\n\n<p>\u00bfQu\u00e9 es un Nuncio?<\/p>\n\n\n\n<p>Seg\u00fan el portal catholic.net, se le denomina Nuncio al jefe de la misi\u00f3n diplom\u00e1tica (Nunciatura) de m\u00e1ximo rango de la Santa Sede; su categor\u00eda es id\u00e9ntica a la de un embajador. Ordinariamente se trata de obispos con estudios en relaciones internacionales y trayectoria diplom\u00e1tica. El nuncio es designado por el Papa.<\/p>\n","protected":false},"excerpt":{"rendered":"<p>Decenas de fieles de la comunidad de Santiago Acatl\u00e1n, en el municipio de Tepeaca, as\u00ed como de localidades aleda\u00f1as recibieron al Excelent\u00edsimo Nuncio Apost\u00f3lico en M\u00e9xico, Monse\u00f1or Joseph Spiteri, qui\u00e9n camin\u00f3 por sus calles a trav\u00e9s de una peregrinaci\u00f3n hasta la Parroquia de Santiago Ap\u00f3stol donde lo esperaban el Arzobispo de Puebla, V\u00edctor Sanchez Espinosa, [&hellip;]<\/p>\n","protected":false},"author":4,"featured_media":49847,"comment_status":"open","ping_status":"open","sticky":false,"template":"","format":"standard","meta":{"om_disable_all_campaigns":false,"_monsterinsights_skip_tracking":false,"_monsterinsights_sitenote_active":false,"_monsterinsights_sitenote_note":"","_monsterinsights_sitenote_category":0,"footnotes":""},"categories":[175],"tags":[223],"class_list":["post-49846","post","type-post","status-publish","format-standard","has-post-thumbnail","hentry","category-local","tag-puebla"],"amp_enabled":true,"_links":{"self":[{"href":"https:\/\/lahora.mx\/index.php\/wp-json\/wp\/v2\/posts\/49846","targetHints":{"allow":["GET"]}}],"collection":[{"href":"https:\/\/lahora.mx\/index.php\/wp-json\/wp\/v2\/posts"}],"about":[{"href":"https:\/\/lahora.mx\/index.php\/wp-json\/wp\/v2\/types\/post"}],"author":[{"embeddable":true,"href":"https:\/\/lahora.mx\/index.php\/wp-json\/wp\/v2\/users\/4"}],"replies":[{"embeddable":true,"href":"https:\/\/lahora.mx\/index.php\/wp-json\/wp\/v2\/comments?post=49846"}],"version-history":[{"count":1,"href":"https:\/\/lahora.mx\/index.php\/wp-json\/wp\/v2\/posts\/49846\/revisions"}],"predecessor-version":[{"id":49848,"href":"https:\/\/lahora.mx\/index.php\/wp-json\/wp\/v2\/posts\/49846\/revisions\/49848"}],"wp:featuredmedia":[{"embeddable":true,"href":"https:\/\/lahora.mx\/index.php\/wp-json\/wp\/v2\/media\/49847"}],"wp:attachment":[{"href":"https:\/\/lahora.mx\/index.php\/wp-json\/wp\/v2\/media?parent=49846"}],"wp:term":[{"taxonomy":"category","embeddable":true,"href":"https:\/\/lahora.mx\/index.php\/wp-json\/wp\/v2\/categories?post=49846"},{"taxonomy":"post_tag","embeddable":true,"href":"https:\/\/lahora.mx\/index.php\/wp-json\/wp\/v2\/tags?post=49846"}],"curies":[{"name":"wp","href":"https:\/\/api.w.org\/{rel}","templated":true}]}}