{"id":49659,"date":"2024-07-27T00:23:02","date_gmt":"2024-07-27T00:23:02","guid":{"rendered":"http:\/\/lahora.mx\/?p=49659"},"modified":"2024-07-27T00:23:03","modified_gmt":"2024-07-27T00:23:03","slug":"venezuela-impide-vuelo-de-expresidentes-que-observarian-elecciones","status":"publish","type":"post","link":"https:\/\/lahora.mx\/index.php\/2024\/07\/27\/venezuela-impide-vuelo-de-expresidentes-que-observarian-elecciones\/","title":{"rendered":"Venezuela impide vuelo de expresidentes que observar\u00edan elecciones"},"content":{"rendered":"\n<p>El presidente paname\u00f1o, Jos\u00e9 Ra\u00fal Mulino, denunci\u00f3 este viernes que las autoridades venezolanas impidieron que despegara de Panam\u00e1 un vuelo de Copa Airlines que transportaba a un grupo de expresidentes latinoamericanos que ser\u00edan observadores en las elecciones del domingo en Venezuela.<\/p>\n\n\n\n<p>\u00abAvi\u00f3n de Copa que transportaba a Presidenta (expresidenta paname\u00f1a Mireya) Moscoso y otros expresidentes rumbo a Venezuela no ha sido permitido despegar desde Tocumen mientras ellos se mantengan abordo, por el bloqueo del espacio a\u00e9reo venezolano\u00bb, asegur\u00f3 Mulino en su cuenta de X.<\/p>\n\n\n\n<p>Adem\u00e1s de Moscoso, el grupo lo integraban los expresidentes Miguel \u00c1ngel Rodr\u00edguez (Costa Rica), Jorge Quiroga (Bolivia) y Vicente Fox (M\u00e9xico), todos miembros de la Iniciativa Democr\u00e1tica de Espa\u00f1a y las Am\u00e9ricas (Grupo IDEA), seg\u00fan hab\u00edan anunciado previamente.<\/p>\n\n\n\n<p>Los exmandatarios, todos fuertes cr\u00edticos del gobierno de Nicol\u00e1s Maduro, se reunieron en Panam\u00e1 para viajar juntos a Venezuela. Tambi\u00e9n integraba la comitiva la exvicepresidenta colombiana Marta Luc\u00eda Ram\u00edrez. Seg\u00fan informes de prensa local, los exmandatarios decidieron no bajar del avi\u00f3n, desafiando la orden de las autoridades venezolanas, lo que provoc\u00f3 el retraso de otros vuelos hacia Venezuela.<\/p>\n\n\n\n<p>\u00abIgual otro vuelo de Copa hacia Panam\u00e1 desde Caracas no ha sido permitido despegar\u00bb, agreg\u00f3 el mandatario paname\u00f1o.<\/p>\n\n\n\n<p>Maduro busca un tercer mandato consecutivo y enfrenta a Edmundo Gonz\u00e1lez Urrutia, representante de la l\u00edder opositora Mar\u00eda Corina Machado, que no pudo ser candidata tras recibir una inhabilitaci\u00f3n pol\u00edtica.<\/p>\n\n\n\n<p>Milei dice que Argentina apoya al pueblo venezolano en su \u00ablucha por la libertad\u00bb<br>El presidente Javier Milei dijo este viernes que Argentina apoya a los venezolanos \u00aben esta lucha por la libertad\u00bb, en un mensaje enviado a la l\u00edder opositora Mar\u00eda Corina Machado a dos d\u00edas de las elecciones presidenciales en Venezuela.<\/p>\n\n\n\n<p>Argentina expres\u00f3 adem\u00e1s su deseo de que Venezuela \u00abrespete\u00bb el derecho a votar de sus ciudadanos y repudi\u00f3 \u00abla decisi\u00f3n del r\u00e9gimen de impedirle\u00bb al expresidente argentino Alberto Fern\u00e1ndez (2019-2023) su participaci\u00f3n como veedor de los comicios, en palabras del vocero presidencial, Manuel Adorni.<\/p>\n\n\n\n<p>Machado escribi\u00f3 en su cuenta de la red X que mantuvo una conversaci\u00f3n con Milei, quien se encuentra en Par\u00eds para asistir a la ceremonia inaugural de los Juegos Ol\u00edmpicos de 2024.<\/p>\n\n\n\n<p>\u00abTuve una grata conversaci\u00f3n hoy con Javier Milei, presidente de Argentina, a quien agradec\u00ed por el apoyo y compromiso de su gobierno y del equipo pol\u00edtico de la Canciller\u00eda durante estos meses tan dif\u00edciles para los venezolanos y para nuestra gente en los comandos de campa\u00f1a\u00bb, escribi\u00f3 Machado.<\/p>\n\n\n\n<p>El presidente argentino le respondi\u00f3 a Machado tambi\u00e9n en X y expres\u00f3: \u00abSiempre estaremos junto al pueblo venezolano en esta lucha por la libertad\u00bb.<\/p>\n\n\n\n<p>M\u00e1s temprano, Adorni hab\u00eda manifestado su deseo de que \u00abel domingo se respete el derecho a votar en Venezuela\u00bb.<\/p>\n\n\n\n<p>\u00abEntendemos que los venezolanos est\u00e1n cada vez m\u00e1s cerca de recuperar la plena democracia\u00bb, se\u00f1al\u00f3 en conferencia de prensa.<\/p>\n\n\n\n<p>Tambi\u00e9n, manifest\u00f3 su \u00abestupor y consternaci\u00f3n ante la decisi\u00f3n del r\u00e9gimen de impedirle al expresidente Alberto Fern\u00e1ndez su participaci\u00f3n como veedor internacional del proceso electoral\u00bb.<\/p>\n\n\n\n<p>Fern\u00e1ndez sostuvo el mi\u00e9rcoles que el gobierno de Venezuela le pidi\u00f3 que no viajara para participar de la misi\u00f3n de observadores internacionales de las elecciones de ese pa\u00eds porque ten\u00eda \u00abdudas sobre (su) imparcialidad\u00bb.<\/p>\n\n\n\n<p>\u00abLe fue denegada la entrada al pa\u00eds solo por decir que si el oficialismo es eventualmente derrotado debe aceptar el veredicto popular\u00bb, consider\u00f3 Adorni.<\/p>\n\n\n\n<p>El domingo se celebrar\u00e1n las elecciones venezolanas en las que Nicol\u00e1s Maduro, candidato del chavismo gobernante, encuentra su principal rival en Edmundo Gonz\u00e1lez Urrutia.<\/p>\n\n\n\n<p>Urrutia cuenta con el apoyo de Mar\u00eda Corina Machado, favorita en las encuestas pero inhabilitada pol\u00edticamente por un organismo del gobierno para ejercer cargos p\u00fablicos.<\/p>\n","protected":false},"excerpt":{"rendered":"<p>El presidente paname\u00f1o, Jos\u00e9 Ra\u00fal Mulino, denunci\u00f3 este viernes que las autoridades venezolanas impidieron que despegara de Panam\u00e1 un vuelo de Copa Airlines que transportaba a un grupo de expresidentes latinoamericanos que ser\u00edan observadores en las elecciones del domingo en Venezuela. \u00abAvi\u00f3n de Copa que transportaba a Presidenta (expresidenta paname\u00f1a Mireya) Moscoso y otros expresidentes [&hellip;]<\/p>\n","protected":false},"author":4,"featured_media":49660,"comment_status":"open","ping_status":"open","sticky":false,"template":"","format":"standard","meta":{"om_disable_all_campaigns":false,"_monsterinsights_skip_tracking":false,"_monsterinsights_sitenote_active":false,"_monsterinsights_sitenote_note":"","_monsterinsights_sitenote_category":0,"footnotes":""},"categories":[175],"tags":[223],"class_list":["post-49659","post","type-post","status-publish","format-standard","has-post-thumbnail","hentry","category-local","tag-puebla"],"amp_enabled":true,"_links":{"self":[{"href":"https:\/\/lahora.mx\/index.php\/wp-json\/wp\/v2\/posts\/49659","targetHints":{"allow":["GET"]}}],"collection":[{"href":"https:\/\/lahora.mx\/index.php\/wp-json\/wp\/v2\/posts"}],"about":[{"href":"https:\/\/lahora.mx\/index.php\/wp-json\/wp\/v2\/types\/post"}],"author":[{"embeddable":true,"href":"https:\/\/lahora.mx\/index.php\/wp-json\/wp\/v2\/users\/4"}],"replies":[{"embeddable":true,"href":"https:\/\/lahora.mx\/index.php\/wp-json\/wp\/v2\/comments?post=49659"}],"version-history":[{"count":1,"href":"https:\/\/lahora.mx\/index.php\/wp-json\/wp\/v2\/posts\/49659\/revisions"}],"predecessor-version":[{"id":49661,"href":"https:\/\/lahora.mx\/index.php\/wp-json\/wp\/v2\/posts\/49659\/revisions\/49661"}],"wp:featuredmedia":[{"embeddable":true,"href":"https:\/\/lahora.mx\/index.php\/wp-json\/wp\/v2\/media\/49660"}],"wp:attachment":[{"href":"https:\/\/lahora.mx\/index.php\/wp-json\/wp\/v2\/media?parent=49659"}],"wp:term":[{"taxonomy":"category","embeddable":true,"href":"https:\/\/lahora.mx\/index.php\/wp-json\/wp\/v2\/categories?post=49659"},{"taxonomy":"post_tag","embeddable":true,"href":"https:\/\/lahora.mx\/index.php\/wp-json\/wp\/v2\/tags?post=49659"}],"curies":[{"name":"wp","href":"https:\/\/api.w.org\/{rel}","templated":true}]}}