{"id":49653,"date":"2024-07-27T00:12:56","date_gmt":"2024-07-27T00:12:56","guid":{"rendered":"http:\/\/lahora.mx\/?p=49653"},"modified":"2024-07-27T02:47:01","modified_gmt":"2024-07-27T02:47:01","slug":"segundo-paro-tecnico-de-vw-en-una-semana","status":"publish","type":"post","link":"https:\/\/lahora.mx\/index.php\/2024\/07\/27\/segundo-paro-tecnico-de-vw-en-una-semana\/","title":{"rendered":"Segundo paro t\u00e9cnico de VW tan solo en una semana"},"content":{"rendered":"\n<p>En el marco de los preparativos para la revisi\u00f3n contractual en Volkswagen, por segunda vez en esta semana la armadora anunci\u00f3 un paro t\u00e9cnico para el segmento II Tiguan para este viernes 26 de julio en el segundo y tercer turno.<\/p>\n\n\n\n<p>A trav\u00e9s de un circular, se inform\u00f3 que el paro aplicar\u00e1 para el \u00e1rea de hojalater\u00eda, pintura y montaje; lo que fue confirmado por el Sindicato Independiente de Trabajadores de la Industria Automotriz Volkswagen (SITIAVW), que precis\u00f3 que no habr\u00e1 afectaci\u00f3n en el salario de los trabajadores, ya que recibir\u00e1n su pago al 100 por ciento en los dos turnos.<\/p>\n\n\n\n<p>Cabe se\u00f1alar que Tiguan II es el segmento m\u00e1s grande de la armadora, pues es el que m\u00e1s vende, por encima de Taos y Jetta, que son \u00e1reas que forman parte de la planta, ubicada en Cuautlancingo.<\/p>\n\n\n\n<p>Con esta, es la segunda vez que la empresa alemana ordena paro t\u00e9cnico de producci\u00f3n desde que arranc\u00f3 el proceso de negociaci\u00f3n contractual.\u200b<\/p>\n\n\n\n<p>El primero fue anunciado el martes 22 de julio para el mismo segmento que no tendr\u00e1 actividad este viernes 26 en el segundo y tercer turno.<\/p>\n\n\n\n<p>En ese momento, el SITIAVW detall\u00f3 que ese d\u00eda ning\u00fan trabajador perder\u00eda parte de su salario por no laborar, pues se pact\u00f3 que ese martes se dar\u00eda el 100 por ciento de PAGO.<\/p>\n\n\n\n<p>Estos paros t\u00e9cnicos se dan en medio de la negociaci\u00f3n contractual, donde viene incluida la salarial, cuyo incremento solicitado es de 24 por ciento, entre sindicato y empresa.<\/p>\n\n\n\n<p>De acuerdo con el calendario del proceso de negociaci\u00f3n contractual, ser\u00e1 a fin de mes cuando este arranque formalmente; el aumento que pedir\u00e1n de inicio ser\u00e1 de 24 por ciento, y entre el 2 y el 5 de agosto se realizar\u00e1 la votaci\u00f3n para aceptar o rechazar el acuerdo del sindicato.<\/p>\n\n\n\n<p>Sin embargo, en caso de que el gremio rechace la propuesta del sindicato sobre la negociaci\u00f3n contractual, el estallamiento de huelga se realizar\u00e1 el 18 de agosto a las 11:00 horas y los Jefes de Sector pasar\u00edan a clausurar las puertas de la planta armadora.<\/p>\n\n\n\n<p>Este domingo 28 de julio se llevar\u00e1n a cabo las juntas informativas con las ocho divisiones de la planta armadora, mismas que arrancar\u00e1n desde las 08:30 horas y hasta las 14:00 horas, que son meramente informativas en torno al proceso de negociaci\u00f3n entre las partes involucradas.<\/p>\n","protected":false},"excerpt":{"rendered":"<p>En el marco de los preparativos para la revisi\u00f3n contractual en Volkswagen, por segunda vez en esta semana la armadora anunci\u00f3 un paro t\u00e9cnico para el segmento II Tiguan para este viernes 26 de julio en el segundo y tercer turno. A trav\u00e9s de un circular, se inform\u00f3 que el paro aplicar\u00e1 para el \u00e1rea [&hellip;]<\/p>\n","protected":false},"author":4,"featured_media":49654,"comment_status":"open","ping_status":"open","sticky":false,"template":"","format":"standard","meta":{"om_disable_all_campaigns":false,"_monsterinsights_skip_tracking":false,"_monsterinsights_sitenote_active":false,"_monsterinsights_sitenote_note":"","_monsterinsights_sitenote_category":0,"footnotes":""},"categories":[175],"tags":[195,223],"class_list":["post-49653","post","type-post","status-publish","format-standard","has-post-thumbnail","hentry","category-local","tag-principal","tag-puebla"],"amp_enabled":true,"_links":{"self":[{"href":"https:\/\/lahora.mx\/index.php\/wp-json\/wp\/v2\/posts\/49653","targetHints":{"allow":["GET"]}}],"collection":[{"href":"https:\/\/lahora.mx\/index.php\/wp-json\/wp\/v2\/posts"}],"about":[{"href":"https:\/\/lahora.mx\/index.php\/wp-json\/wp\/v2\/types\/post"}],"author":[{"embeddable":true,"href":"https:\/\/lahora.mx\/index.php\/wp-json\/wp\/v2\/users\/4"}],"replies":[{"embeddable":true,"href":"https:\/\/lahora.mx\/index.php\/wp-json\/wp\/v2\/comments?post=49653"}],"version-history":[{"count":3,"href":"https:\/\/lahora.mx\/index.php\/wp-json\/wp\/v2\/posts\/49653\/revisions"}],"predecessor-version":[{"id":49670,"href":"https:\/\/lahora.mx\/index.php\/wp-json\/wp\/v2\/posts\/49653\/revisions\/49670"}],"wp:featuredmedia":[{"embeddable":true,"href":"https:\/\/lahora.mx\/index.php\/wp-json\/wp\/v2\/media\/49654"}],"wp:attachment":[{"href":"https:\/\/lahora.mx\/index.php\/wp-json\/wp\/v2\/media?parent=49653"}],"wp:term":[{"taxonomy":"category","embeddable":true,"href":"https:\/\/lahora.mx\/index.php\/wp-json\/wp\/v2\/categories?post=49653"},{"taxonomy":"post_tag","embeddable":true,"href":"https:\/\/lahora.mx\/index.php\/wp-json\/wp\/v2\/tags?post=49653"}],"curies":[{"name":"wp","href":"https:\/\/api.w.org\/{rel}","templated":true}]}}