{"id":49623,"date":"2024-07-26T18:12:35","date_gmt":"2024-07-26T18:12:35","guid":{"rendered":"http:\/\/lahora.mx\/?p=49623"},"modified":"2024-07-26T18:12:36","modified_gmt":"2024-07-26T18:12:36","slug":"hallan-con-huellas-de-violencia-a-mujer-en-una-obra-negra-en-cuautlancingo","status":"publish","type":"post","link":"https:\/\/lahora.mx\/index.php\/2024\/07\/26\/hallan-con-huellas-de-violencia-a-mujer-en-una-obra-negra-en-cuautlancingo\/","title":{"rendered":"Hallan con huellas de violencia a mujer en una obra negra en Cuautlancingo"},"content":{"rendered":"\n<p>Con huellas de violencia fue hallado el cad\u00e1ver de una mujer al interior de una casa en obra negra, en el municipio de Cuautlancingo.<\/p>\n\n\n\n<p>Unas ni\u00f1as y ni\u00f1os jugaban esta tarde sobre la calle Guadalupe Victoria, en la junta auxiliar San Lorenzo Almecatla.<\/p>\n\n\n\n<p>En eso, ingresaron a una casa en obra negra, donde segundos despu\u00e9s salieron gritando para ir a sus casas.<\/p>\n\n\n\n<p>Los menores les dijeron a sus padres que en el inmueble hab\u00eda una mujer tirada con sangre.<\/p>\n\n\n\n<p>En consecuencia, dieron aviso al 911, lo cual moviliz\u00f3 a param\u00e9dicos y polic\u00edas municipales.<\/p>\n\n\n\n<p>A su llegada, los rescatistas ingresaron a la casa en construcci\u00f3n e indicaron que la mujer estaba muerta.<\/p>\n\n\n\n<p>Adem\u00e1s, detallaron que la v\u00edctima ten\u00eda huellas de violencia, por lo que los polic\u00edas municipales acordonaron la zona.<\/p>\n\n\n\n<p>Cuando lleguen, las autoridades ministeriales se encargar\u00e1n de realizar las diligencias correspondientes del levantamiento de cad\u00e1ver de la v\u00edctima, quien permanece en calidad de desconocida.<\/p>\n\n\n\n<p>Asimismo, abrir\u00e1n una carpeta de investigaci\u00f3n y se realizaran cateos para esclarecer el feminicidio.<\/p>\n\n\n\n<p>Feminicidio 49: Encuentran sin vida a Adriana en una barranca de Amozoc<br>El pasado 16 de Julio, hallaron el cad\u00e1ver de Adriana R. de 26 a\u00f1os de edad cerca de una barranca en el municipio de Amozoc.<\/p>\n\n\n\n<p>Este fue el feminicidio 49 y tuvo lugar en la junta auxiliar Concepci\u00f3n Capulac, perteneciente al municipio de Amozoc de Mota, siendo una joven de 26 a\u00f1os de edad la v\u00edctima, quien fue identificada por su propia hermana.<\/p>\n","protected":false},"excerpt":{"rendered":"<p>Con huellas de violencia fue hallado el cad\u00e1ver de una mujer al interior de una casa en obra negra, en el municipio de Cuautlancingo. Unas ni\u00f1as y ni\u00f1os jugaban esta tarde sobre la calle Guadalupe Victoria, en la junta auxiliar San Lorenzo Almecatla. En eso, ingresaron a una casa en obra negra, donde segundos despu\u00e9s [&hellip;]<\/p>\n","protected":false},"author":4,"featured_media":49624,"comment_status":"open","ping_status":"open","sticky":false,"template":"","format":"standard","meta":{"om_disable_all_campaigns":false,"_monsterinsights_skip_tracking":false,"_monsterinsights_sitenote_active":false,"_monsterinsights_sitenote_note":"","_monsterinsights_sitenote_category":0,"footnotes":""},"categories":[175],"tags":[223],"class_list":["post-49623","post","type-post","status-publish","format-standard","has-post-thumbnail","hentry","category-local","tag-puebla"],"amp_enabled":true,"_links":{"self":[{"href":"https:\/\/lahora.mx\/index.php\/wp-json\/wp\/v2\/posts\/49623","targetHints":{"allow":["GET"]}}],"collection":[{"href":"https:\/\/lahora.mx\/index.php\/wp-json\/wp\/v2\/posts"}],"about":[{"href":"https:\/\/lahora.mx\/index.php\/wp-json\/wp\/v2\/types\/post"}],"author":[{"embeddable":true,"href":"https:\/\/lahora.mx\/index.php\/wp-json\/wp\/v2\/users\/4"}],"replies":[{"embeddable":true,"href":"https:\/\/lahora.mx\/index.php\/wp-json\/wp\/v2\/comments?post=49623"}],"version-history":[{"count":1,"href":"https:\/\/lahora.mx\/index.php\/wp-json\/wp\/v2\/posts\/49623\/revisions"}],"predecessor-version":[{"id":49625,"href":"https:\/\/lahora.mx\/index.php\/wp-json\/wp\/v2\/posts\/49623\/revisions\/49625"}],"wp:featuredmedia":[{"embeddable":true,"href":"https:\/\/lahora.mx\/index.php\/wp-json\/wp\/v2\/media\/49624"}],"wp:attachment":[{"href":"https:\/\/lahora.mx\/index.php\/wp-json\/wp\/v2\/media?parent=49623"}],"wp:term":[{"taxonomy":"category","embeddable":true,"href":"https:\/\/lahora.mx\/index.php\/wp-json\/wp\/v2\/categories?post=49623"},{"taxonomy":"post_tag","embeddable":true,"href":"https:\/\/lahora.mx\/index.php\/wp-json\/wp\/v2\/tags?post=49623"}],"curies":[{"name":"wp","href":"https:\/\/api.w.org\/{rel}","templated":true}]}}