{"id":49620,"date":"2024-07-26T17:29:59","date_gmt":"2024-07-26T17:29:59","guid":{"rendered":"http:\/\/lahora.mx\/?p=49620"},"modified":"2024-07-26T17:30:00","modified_gmt":"2024-07-26T17:30:00","slug":"obispo-de-la-diocesis-de-tehuacan-presenta-denuncia-tras-asalto-en-la-intermixteca","status":"publish","type":"post","link":"https:\/\/lahora.mx\/index.php\/2024\/07\/26\/obispo-de-la-diocesis-de-tehuacan-presenta-denuncia-tras-asalto-en-la-intermixteca\/","title":{"rendered":"Obispo de la Di\u00f3cesis de Tehuac\u00e1n presenta denuncia tras asalto en la Intermixteca"},"content":{"rendered":"\n<p>El pasado martes, alrededor de las 10:30 de la ma\u00f1ana, el Obispo de Tehuac\u00e1n, Gonzalo Alonso Calzada, fue v\u00edctima de un asalto mientras se trasladaba a una comunidad para celebrar una festividad patronal.<\/p>\n\n\n\n<p>La di\u00f3cesis de Tehuac\u00e1n confirm\u00f3 el incidente mediante un comunicado oficial y asegur\u00f3 que el p\u00e1rroco se encuentra en buen estado de salud.<\/p>\n\n\n\n<p>El comunicado, firmado por el presb\u00edtero y vicario general Alejandro Palafox Beristain, detall\u00f3 que el Obispo fue despojado de su veh\u00edculo<\/p>\n\n\n\n<p>Una camioneta Mitsubishi modelo 2023 de color blanco con placas de circulaci\u00f3n SP49527, as\u00ed como de objetos personales.<\/p>\n\n\n\n<p>Afortunadamente, el Obispo no sufri\u00f3 ninguna lesi\u00f3n durante el asalto.<\/p>\n\n\n\n<p>Palafox Beristain, agradeci\u00f3 a la comunidad por su preocupaci\u00f3n y clam\u00f3 por la paz en todo el pa\u00eds<\/p>\n\n\n\n<p>Debido a los numerosos actos de violencia que afectan a las familias mexicanas.<\/p>\n\n\n\n<p>Adem\u00e1s, inform\u00f3 que el Obispo ya se present\u00f3 la denuncia correspondiente ante las autoridades para que se investigue y se tomen las medidas necesarias.<\/p>\n\n\n\n<p>Cabe recordar que el asalto ocurri\u00f3 cuando el Obispo se dirig\u00eda hacia Magdalena Alquizap\u00e1n, una poblaci\u00f3n perteneciente a la parroquia de Atenayuca, en el municipio Juan N. M\u00e9ndez.<\/p>\n\n\n\n<p>Y actualmente se est\u00e1 trabajando para esclarecer los hechos y dar con los responsables del asalto.<\/p>\n\n\n\n<p>Por lo anterior, los tehuacaneros han mostrado solidaridad con el p\u00e1rroco manifestando su apoyo y pidiendo un alto a la violencia que se vive en la regi\u00f3n.<\/p>\n","protected":false},"excerpt":{"rendered":"<p>El pasado martes, alrededor de las 10:30 de la ma\u00f1ana, el Obispo de Tehuac\u00e1n, Gonzalo Alonso Calzada, fue v\u00edctima de un asalto mientras se trasladaba a una comunidad para celebrar una festividad patronal. La di\u00f3cesis de Tehuac\u00e1n confirm\u00f3 el incidente mediante un comunicado oficial y asegur\u00f3 que el p\u00e1rroco se encuentra en buen estado de [&hellip;]<\/p>\n","protected":false},"author":4,"featured_media":49621,"comment_status":"open","ping_status":"open","sticky":false,"template":"","format":"standard","meta":{"om_disable_all_campaigns":false,"_monsterinsights_skip_tracking":false,"_monsterinsights_sitenote_active":false,"_monsterinsights_sitenote_note":"","_monsterinsights_sitenote_category":0,"footnotes":""},"categories":[175],"tags":[223],"class_list":["post-49620","post","type-post","status-publish","format-standard","has-post-thumbnail","hentry","category-local","tag-puebla"],"amp_enabled":true,"_links":{"self":[{"href":"https:\/\/lahora.mx\/index.php\/wp-json\/wp\/v2\/posts\/49620","targetHints":{"allow":["GET"]}}],"collection":[{"href":"https:\/\/lahora.mx\/index.php\/wp-json\/wp\/v2\/posts"}],"about":[{"href":"https:\/\/lahora.mx\/index.php\/wp-json\/wp\/v2\/types\/post"}],"author":[{"embeddable":true,"href":"https:\/\/lahora.mx\/index.php\/wp-json\/wp\/v2\/users\/4"}],"replies":[{"embeddable":true,"href":"https:\/\/lahora.mx\/index.php\/wp-json\/wp\/v2\/comments?post=49620"}],"version-history":[{"count":1,"href":"https:\/\/lahora.mx\/index.php\/wp-json\/wp\/v2\/posts\/49620\/revisions"}],"predecessor-version":[{"id":49622,"href":"https:\/\/lahora.mx\/index.php\/wp-json\/wp\/v2\/posts\/49620\/revisions\/49622"}],"wp:featuredmedia":[{"embeddable":true,"href":"https:\/\/lahora.mx\/index.php\/wp-json\/wp\/v2\/media\/49621"}],"wp:attachment":[{"href":"https:\/\/lahora.mx\/index.php\/wp-json\/wp\/v2\/media?parent=49620"}],"wp:term":[{"taxonomy":"category","embeddable":true,"href":"https:\/\/lahora.mx\/index.php\/wp-json\/wp\/v2\/categories?post=49620"},{"taxonomy":"post_tag","embeddable":true,"href":"https:\/\/lahora.mx\/index.php\/wp-json\/wp\/v2\/tags?post=49620"}],"curies":[{"name":"wp","href":"https:\/\/api.w.org\/{rel}","templated":true}]}}