{"id":49614,"date":"2024-07-26T17:03:57","date_gmt":"2024-07-26T17:03:57","guid":{"rendered":"http:\/\/lahora.mx\/?p=49614"},"modified":"2024-07-26T17:03:58","modified_gmt":"2024-07-26T17:03:58","slug":"el-presidente-de-usa-joe-biden-celebra-golpe-al-cartel-de-sinaloa-una-de-las-empresas-mas-mortales-del-mundo","status":"publish","type":"post","link":"https:\/\/lahora.mx\/index.php\/2024\/07\/26\/el-presidente-de-usa-joe-biden-celebra-golpe-al-cartel-de-sinaloa-una-de-las-empresas-mas-mortales-del-mundo\/","title":{"rendered":"El presidente de USA Joe Biden celebra golpe al C\u00e1rtel de Sinaloa, \u00abuna de las empresas m\u00e1s mortales del mundo\u00bb"},"content":{"rendered":"\n<p>El presidente estadounidense, Joe Biden, celebr\u00f3 la detenci\u00f3n de Ismael &#8216;el Mayo&#8217; Zambada y de Joaqu\u00edn Guzm\u00e1n L\u00f3pez, uno de los hijos del Chapo Guzm\u00e1n, en Texas, por significar un golpe a la c\u00fapula del C\u00e1rtel de Sinaloa, que describi\u00f3 como \u00abuna de las empresas m\u00e1s mortales del mundo\u00bb.<\/p>\n\n\n\n<p>Ambos l\u00edderes narcotraficantes fueron detenido el jueves en un operativo en un peque\u00f1o aer\u00f3dromo cercano a El Paso (Texas) y ser\u00e1n imputados por fabricaci\u00f3n de drogas y manejo de redes de narcotr\u00e1fico.<\/p>\n\n\n\n<p>\u00abDemasiadas vidas de nuestros ciudadanos se han perdido ante el azote del fentanilo. Demasiadas familias se han roto y est\u00e1n sufriendo por esta droga destructiva. Mi administraci\u00f3n continuar\u00e1 haciendo todo lo posible para que los narcotraficantes rindan cuentas y para salvar las vidas de los estadounidenses\u00bb, indic\u00f3 Biden.<\/p>\n\n\n\n<p>\u00abQuiero alabar el trabajo de nuestros funcionarios del orden, quienes ejecutaron este arresto, por su continuado trabajo para que el C\u00e1rtel de Sinaloa se enfrente a la Justicia\u00bb, asegur\u00f3 el mandatario.<\/p>\n\n\n\n<p>Estados Unidos detuvo en Texas este jueves a Ismael \u00abEl Mayo\u00bb Zambada, l\u00edder y cofundador del Cartel de Sinaloa, quien era buscado por las autoridades estadounidenses desde hace d\u00e9cadas y ten\u00eda una recompensa de 15 millones de d\u00f3lares, seg\u00fan el Departamento de Justicia.<\/p>\n\n\n\n<p>Junto a Zambada se arrest\u00f3 tambi\u00e9n a Joaqu\u00edn Guzm\u00e1n L\u00f3pez, uno de los hijos de Joaqu\u00edn \u00abEl Chapo\u00bb&#8216; Guzm\u00e1n.<\/p>\n\n\n\n<p>El Fiscal General de Estados Unidos, Merrick Garland, indic\u00f3 hoy en unas declaraciones en v\u00eddeo que ambos detenidos comparecer\u00e1n ante un juez en los pr\u00f3ximos d\u00edas.<\/p>\n\n\n\n<p>Garland dijo que Zambada se enfrenta a cargos de tr\u00e1ficos de diversas drogas, as\u00ed como delitos de tr\u00e1fico de armas, lavado de dinero y de asesinato y secuestro, mientras que Guzm\u00e1n L\u00f3pez tendr\u00e1 que responder a cargos de tr\u00e1fico de coca\u00edna, fentanilo, hero\u00edna y metanfetaminas.<\/p>\n\n\n\n<p>El Fiscal General asegur\u00f3 que no van a descansar hasta que aquellas organizaciones criminales y sus l\u00edderes que \u00abenvenenan a nuestras comunidades\u00bb respondan ante la Justicia.<\/p>\n","protected":false},"excerpt":{"rendered":"<p>El presidente estadounidense, Joe Biden, celebr\u00f3 la detenci\u00f3n de Ismael &#8216;el Mayo&#8217; Zambada y de Joaqu\u00edn Guzm\u00e1n L\u00f3pez, uno de los hijos del Chapo Guzm\u00e1n, en Texas, por significar un golpe a la c\u00fapula del C\u00e1rtel de Sinaloa, que describi\u00f3 como \u00abuna de las empresas m\u00e1s mortales del mundo\u00bb. Ambos l\u00edderes narcotraficantes fueron detenido el [&hellip;]<\/p>\n","protected":false},"author":4,"featured_media":49615,"comment_status":"open","ping_status":"open","sticky":false,"template":"","format":"standard","meta":{"om_disable_all_campaigns":false,"_monsterinsights_skip_tracking":false,"_monsterinsights_sitenote_active":false,"_monsterinsights_sitenote_note":"","_monsterinsights_sitenote_category":0,"footnotes":""},"categories":[175],"tags":[223],"class_list":["post-49614","post","type-post","status-publish","format-standard","has-post-thumbnail","hentry","category-local","tag-puebla"],"amp_enabled":true,"_links":{"self":[{"href":"https:\/\/lahora.mx\/index.php\/wp-json\/wp\/v2\/posts\/49614","targetHints":{"allow":["GET"]}}],"collection":[{"href":"https:\/\/lahora.mx\/index.php\/wp-json\/wp\/v2\/posts"}],"about":[{"href":"https:\/\/lahora.mx\/index.php\/wp-json\/wp\/v2\/types\/post"}],"author":[{"embeddable":true,"href":"https:\/\/lahora.mx\/index.php\/wp-json\/wp\/v2\/users\/4"}],"replies":[{"embeddable":true,"href":"https:\/\/lahora.mx\/index.php\/wp-json\/wp\/v2\/comments?post=49614"}],"version-history":[{"count":1,"href":"https:\/\/lahora.mx\/index.php\/wp-json\/wp\/v2\/posts\/49614\/revisions"}],"predecessor-version":[{"id":49616,"href":"https:\/\/lahora.mx\/index.php\/wp-json\/wp\/v2\/posts\/49614\/revisions\/49616"}],"wp:featuredmedia":[{"embeddable":true,"href":"https:\/\/lahora.mx\/index.php\/wp-json\/wp\/v2\/media\/49615"}],"wp:attachment":[{"href":"https:\/\/lahora.mx\/index.php\/wp-json\/wp\/v2\/media?parent=49614"}],"wp:term":[{"taxonomy":"category","embeddable":true,"href":"https:\/\/lahora.mx\/index.php\/wp-json\/wp\/v2\/categories?post=49614"},{"taxonomy":"post_tag","embeddable":true,"href":"https:\/\/lahora.mx\/index.php\/wp-json\/wp\/v2\/tags?post=49614"}],"curies":[{"name":"wp","href":"https:\/\/api.w.org\/{rel}","templated":true}]}}