{"id":496,"date":"2021-12-06T18:33:16","date_gmt":"2021-12-06T18:33:16","guid":{"rendered":"http:\/\/lahora.mx\/?p=496"},"modified":"2021-12-06T19:55:44","modified_gmt":"2021-12-06T19:55:44","slug":"transportistas-del-estado-mencionan-que-no-hay-equidad-para-ellos","status":"publish","type":"post","link":"https:\/\/lahora.mx\/index.php\/2021\/12\/06\/transportistas-del-estado-mencionan-que-no-hay-equidad-para-ellos\/","title":{"rendered":"Transportistas Del Estado Mencionan Que No Hay Equidad Para Ellos"},"content":{"rendered":"<p>Transportistas se\u00f1alan que con nueva ley de transporte no existe piso parejo para ellos. por lo que este martes se reunir\u00e1n con la titular de transporte y movilidad Elsa Bracamonte, y el mi\u00e9rcoles con los diputados locales para solicitar apoyo econ\u00f3mico para lograr modernizaci\u00f3n.<\/p>\n","protected":false},"excerpt":{"rendered":"<p>Transportistas se\u00f1alan que con nueva ley de transporte no existe piso parejo para ellos. por lo que este martes se reunir\u00e1n con la titular de transporte y movilidad Elsa Bracamonte, y el mi\u00e9rcoles con los diputados locales para solicitar apoyo econ\u00f3mico para lograr modernizaci\u00f3n.<\/p>\n","protected":false},"author":4,"featured_media":0,"comment_status":"open","ping_status":"open","sticky":false,"template":"","format":"standard","meta":{"om_disable_all_campaigns":false,"_monsterinsights_skip_tracking":false,"_monsterinsights_sitenote_active":false,"_monsterinsights_sitenote_note":"","_monsterinsights_sitenote_category":0,"footnotes":""},"categories":[175],"tags":[],"class_list":["post-496","post","type-post","status-publish","format-standard","hentry","category-local"],"amp_enabled":true,"_links":{"self":[{"href":"https:\/\/lahora.mx\/index.php\/wp-json\/wp\/v2\/posts\/496","targetHints":{"allow":["GET"]}}],"collection":[{"href":"https:\/\/lahora.mx\/index.php\/wp-json\/wp\/v2\/posts"}],"about":[{"href":"https:\/\/lahora.mx\/index.php\/wp-json\/wp\/v2\/types\/post"}],"author":[{"embeddable":true,"href":"https:\/\/lahora.mx\/index.php\/wp-json\/wp\/v2\/users\/4"}],"replies":[{"embeddable":true,"href":"https:\/\/lahora.mx\/index.php\/wp-json\/wp\/v2\/comments?post=496"}],"version-history":[{"count":1,"href":"https:\/\/lahora.mx\/index.php\/wp-json\/wp\/v2\/posts\/496\/revisions"}],"predecessor-version":[{"id":501,"href":"https:\/\/lahora.mx\/index.php\/wp-json\/wp\/v2\/posts\/496\/revisions\/501"}],"wp:attachment":[{"href":"https:\/\/lahora.mx\/index.php\/wp-json\/wp\/v2\/media?parent=496"}],"wp:term":[{"taxonomy":"category","embeddable":true,"href":"https:\/\/lahora.mx\/index.php\/wp-json\/wp\/v2\/categories?post=496"},{"taxonomy":"post_tag","embeddable":true,"href":"https:\/\/lahora.mx\/index.php\/wp-json\/wp\/v2\/tags?post=496"}],"curies":[{"name":"wp","href":"https:\/\/api.w.org\/{rel}","templated":true}]}}